{"id":3922,"date":"2025-03-27T12:24:07","date_gmt":"2025-03-27T12:24:07","guid":{"rendered":"https:\/\/www.mfrenovables.com\/?p=3922"},"modified":"2025-07-14T11:31:08","modified_gmt":"2025-07-14T11:31:08","slug":"lagrovoltaique-est-elle-rentable-une-analyse-economique-et-dinvestissement","status":"publish","type":"post","link":"https:\/\/www.mfrenovables.com\/fr\/es-rentable-la-agrovoltaica-un-analisis-economico-y-de-inversion\/","title":{"rendered":"L'agrovolta\u00efque est-elle rentable ? Une analyse \u00e9conomique et d'investissement"},"content":{"rendered":"<div data-elementor-type=\"wp-post\" data-elementor-id=\"3922\" class=\"elementor elementor-3922\" data-elementor-post-type=\"post\">\n\t\t\t\t<div class=\"elementor-element elementor-element-9521881 e-flex e-con-boxed e-con e-parent\" data-id=\"9521881\" data-element_type=\"container\" data-e-type=\"container\">\n\t\t\t\t\t<div class=\"e-con-inner\">\n\t\t<div class=\"elementor-element elementor-element-4f291d2 e-con-full e-flex e-con e-child\" data-id=\"4f291d2\" data-element_type=\"container\" data-e-type=\"container\">\n\t\t<div class=\"elementor-element elementor-element-4d50552 e-con-full e-flex e-con e-child\" data-id=\"4d50552\" data-element_type=\"container\" data-e-type=\"container\">\n\t\t<div class=\"elementor-element elementor-element-9ba3173 e-con-full e-flex e-con e-child\" data-id=\"9ba3173\" data-element_type=\"container\" data-e-type=\"container\">\n\t\t\t\t<div class=\"elementor-element elementor-element-c4ab282 elementor-widget elementor-widget-heading\" data-id=\"c4ab282\" data-element_type=\"widget\" data-e-type=\"widget\" data-widget_type=\"heading.default\">\n\t\t\t\t<div class=\"elementor-widget-container\">\n\t\t\t\t\t<h1 class=\"elementor-heading-title elementor-size-default\">L'agrovolta\u00efque est-elle rentable ? Une analyse \u00e9conomique et d'investissement<\/h1>\t\t\t\t<\/div>\n\t\t\t\t<\/div>\n\t\t\t\t<\/div>\n\t\t\t\t<div class=\"elementor-element elementor-element-70a0c25 elementor-widget__width-inherit elementor-widget elementor-widget-image\" data-id=\"70a0c25\" data-element_type=\"widget\" data-e-type=\"widget\" data-widget_type=\"image.default\">\n\t\t\t\t<div class=\"elementor-widget-container\">\n\t\t\t\t\t\t\t\t\t\t\t\t\t\t\t<img fetchpriority=\"high\" decoding=\"async\" width=\"1083\" height=\"619\" src=\"https:\/\/www.mfrenovables.com\/wp-content\/uploads\/2025\/03\/Portada-MFR-09.webp\" class=\"attachment-full size-full wp-image-6041\" alt=\"\" srcset=\"https:\/\/www.mfrenovables.com\/wp-content\/uploads\/2025\/03\/Portada-MFR-09.webp 1083w, https:\/\/www.mfrenovables.com\/wp-content\/uploads\/2025\/03\/Portada-MFR-09-300x171.webp 300w, https:\/\/www.mfrenovables.com\/wp-content\/uploads\/2025\/03\/Portada-MFR-09-1024x585.webp 1024w, https:\/\/www.mfrenovables.com\/wp-content\/uploads\/2025\/03\/Portada-MFR-09-768x439.webp 768w, https:\/\/www.mfrenovables.com\/wp-content\/uploads\/2025\/03\/Portada-MFR-09-18x10.webp 18w, https:\/\/www.mfrenovables.com\/wp-content\/uploads\/2025\/03\/Portada-MFR-09-600x343.webp 600w\" sizes=\"(max-width: 1083px) 100vw, 1083px\" \/>\t\t\t\t\t\t\t\t\t\t\t\t\t\t\t<\/div>\n\t\t\t\t<\/div>\n\t\t\t\t<div class=\"elementor-element elementor-element-65c2d47 elementor-widget elementor-widget-text-editor\" data-id=\"65c2d47\" data-element_type=\"widget\" data-e-type=\"widget\" data-widget_type=\"text-editor.default\">\n\t\t\t\t<div class=\"elementor-widget-container\">\n\t\t\t\t\t\t\t\t\t<p>L'agrovolta\u00efque gagne du terrain dans les secteurs de l'agriculture et de l'\u00e9nergie en tant qu'alternative aux technologies conventionnelles.<br \/>qui combine la production alimentaire et l'\u00e9nergie propre. Mais au-del\u00e0 de la<br \/>de l'environnement, beaucoup d'agriculteurs, d'investisseurs et d'entreprises s'interrogent :<br \/>L'agrovolta\u00efque est-elle rentable ? Dans cet article, nous examinons les principaux facteurs<br \/>le retour sur investissement (ROI) et les mesures d'incitation disponibles qui rendent l'investissement plus rentable.<br \/>Cette technologie est une option viable.<\/p>\t\t\t\t\t\t\t\t<\/div>\n\t\t\t\t<\/div>\n\t\t<div class=\"elementor-element elementor-element-58adcc2 e-con-full e-flex e-con e-child\" data-id=\"58adcc2\" data-element_type=\"container\" data-e-type=\"container\">\n\t\t<div class=\"elementor-element elementor-element-b106906 e-con-full elementor-hidden-desktop elementor-hidden-tablet elementor-hidden-mobile e-flex e-con e-child\" data-id=\"b106906\" data-element_type=\"container\" data-e-type=\"container\">\n\t\t<div class=\"elementor-element elementor-element-bc329da e-con-full e-flex e-con e-child\" data-id=\"bc329da\" data-element_type=\"container\" data-e-type=\"container\">\n\t\t\t\t<div class=\"elementor-element elementor-element-4a71a28 elementor-widget elementor-widget-image\" data-id=\"4a71a28\" data-element_type=\"widget\" data-e-type=\"widget\" data-widget_type=\"image.default\">\n\t\t\t\t<div class=\"elementor-widget-container\">\n\t\t\t\t\t\t\t\t\t\t\t\t\t\t\t<img decoding=\"async\" src=\"https:\/\/www.mfrenovables.com\/wp-content\/uploads\/elementor\/thumbs\/Metalframe-blog2-22-r12digjul9o4dg6e4gpwikorfz2n5kp70yqdf0odhc.webp\" title=\"Cadre m\u00e9tallique blog2-22\" alt=\"Cadre m\u00e9tallique blog2-22\" loading=\"lazy\" \/>\t\t\t\t\t\t\t\t\t\t\t\t\t\t\t<\/div>\n\t\t\t\t<\/div>\n\t\t\t\t<\/div>\n\t\t<div class=\"elementor-element elementor-element-81ca62e e-con-full e-flex e-con e-child\" data-id=\"81ca62e\" data-element_type=\"container\" data-e-type=\"container\">\n\t\t\t\t<div class=\"elementor-element elementor-element-2cf801c elementor-widget elementor-widget-heading\" data-id=\"2cf801c\" data-element_type=\"widget\" data-e-type=\"widget\" data-widget_type=\"heading.default\">\n\t\t\t\t<div class=\"elementor-widget-container\">\n\t\t\t\t\t<h2 class=\"elementor-heading-title elementor-size-default\">Qu'est-ce que l'agrovolta\u00efque ?<\/h2>\t\t\t\t<\/div>\n\t\t\t\t<\/div>\n\t\t\t\t<div class=\"elementor-element elementor-element-4ebf1bc elementor-widget elementor-widget-text-editor\" data-id=\"4ebf1bc\" data-element_type=\"widget\" data-e-type=\"widget\" data-widget_type=\"text-editor.default\">\n\t\t\t\t<div class=\"elementor-widget-container\">\n\t\t\t\t\t\t\t\t\t<p>L'agrovolta\u00efque est l'utilisation combin\u00e9e, sur une m\u00eame surface de terre, des deux types d'\u00e9nergie suivants : l'\u00e9nergie solaire et l'\u00e9nergie photovolta\u00efque.<br \/>pour la production agricole, en tant qu'utilisation principale, ainsi que pour la production de<br \/>de l'\u00e9lectricit\u00e9 gr\u00e2ce \u00e0 un syst\u00e8me photovolta\u00efque, en tant qu'utilisation secondaire. Contrairement aux<br \/>installations photovolta\u00efques conventionnelles, ce syst\u00e8me est con\u00e7u pour<br \/>coexistent avec les cultures, ce qui est b\u00e9n\u00e9fique \u00e0 la fois pour la production et pour l'agriculture.<br \/>pour l'agriculture ainsi que pour la production d'\u00e9nergie renouvelable.<\/p>\t\t\t\t\t\t\t\t<\/div>\n\t\t\t\t<\/div>\n\t\t\t\t<div class=\"elementor-element elementor-element-65060c0 elementor-widget elementor-widget-heading\" data-id=\"65060c0\" data-element_type=\"widget\" data-e-type=\"widget\" data-widget_type=\"heading.default\">\n\t\t\t\t<div class=\"elementor-widget-container\">\n\t\t\t\t\t<h2 class=\"elementor-heading-title elementor-size-default\">Comment cela fonctionne-t-il ?<\/h2>\t\t\t\t<\/div>\n\t\t\t\t<\/div>\n\t\t\t\t<div class=\"elementor-element elementor-element-c7a8c9d elementor-widget elementor-widget-text-editor\" data-id=\"c7a8c9d\" data-element_type=\"widget\" data-e-type=\"widget\" data-widget_type=\"text-editor.default\">\n\t\t\t\t<div class=\"elementor-widget-container\">\n\t\t\t\t\t\t\t\t\t<p>Les modules photovolta\u00efques sont install\u00e9s \u00e0 une hauteur et selon une orientation qui permettent la production d'\u00e9lectricit\u00e9.<br \/>une lumi\u00e8re suffisante pour que les cultures se d\u00e9veloppent correctement.<br \/>En outre, certains syst\u00e8mes peuvent inclure des suiveurs solaires qui optimisent le rendement de l'\u00e9nergie solaire.<br \/>sans compromettre la photosynth\u00e8se des plantes.<\/p>\t\t\t\t\t\t\t\t<\/div>\n\t\t\t\t<\/div>\n\t\t\t\t<\/div>\n\t\t\t\t<\/div>\n\t\t<div class=\"elementor-element elementor-element-71f0914 e-con-full e-flex e-con e-child\" data-id=\"71f0914\" data-element_type=\"container\" data-e-type=\"container\">\n\t\t<div class=\"elementor-element elementor-element-016e3cc e-con-full e-flex e-con e-child\" data-id=\"016e3cc\" data-element_type=\"container\" data-e-type=\"container\">\n\t\t\t\t<div class=\"elementor-element elementor-element-8d273c2 elementor-widget elementor-widget-heading\" data-id=\"8d273c2\" data-element_type=\"widget\" data-e-type=\"widget\" data-widget_type=\"heading.default\">\n\t\t\t\t<div class=\"elementor-widget-container\">\n\t\t\t\t\t<h2 class=\"elementor-heading-title elementor-size-default\">1. les facteurs d\u00e9terminant la rentabilit\u00e9 de l'agrovolta\u00efque<\/h2>\t\t\t\t<\/div>\n\t\t\t\t<\/div>\n\t\t\t\t<div class=\"elementor-element elementor-element-1053621 elementor-widget elementor-widget-text-editor\" data-id=\"1053621\" data-element_type=\"widget\" data-e-type=\"widget\" data-widget_type=\"text-editor.default\">\n\t\t\t\t<div class=\"elementor-widget-container\">\n\t\t\t\t\t\t\t\t\t<p>La rentabilit\u00e9 d'un projet agrovolta\u00efque d\u00e9pend d'un certain nombre de facteurs tels que<br \/>les co\u00fbts initiaux jusqu'aux revenus g\u00e9n\u00e9r\u00e9s par la vente de l'\u00e9nergie et les co\u00fbts d'exploitation.<br \/>les b\u00e9n\u00e9fices agricoles.<\/p>\t\t\t\t\t\t\t\t<\/div>\n\t\t\t\t<\/div>\n\t\t\t\t<div class=\"elementor-element elementor-element-6c0d9de elementor-widget elementor-widget-heading\" data-id=\"6c0d9de\" data-element_type=\"widget\" data-e-type=\"widget\" data-widget_type=\"heading.default\">\n\t\t\t\t<div class=\"elementor-widget-container\">\n\t\t\t\t\t<h2 class=\"elementor-heading-title elementor-size-default\">Principaux facteurs \u00e0 prendre en compte :<\/h2>\t\t\t\t<\/div>\n\t\t\t\t<\/div>\n\t\t\t\t<div class=\"elementor-element elementor-element-5ff1564 elementor-widget elementor-widget-text-editor\" data-id=\"5ff1564\" data-element_type=\"widget\" data-e-type=\"widget\" data-widget_type=\"text-editor.default\">\n\t\t\t\t<div class=\"elementor-widget-container\">\n\t\t\t\t\t\t\t\t\t<p>- <strong>Frais d'installation :<\/strong> Comprend l'achat de modules photovolta\u00efques,<br \/>les structures de soutien, les syst\u00e8mes de contr\u00f4le et les technologies de suivi.<br \/>le contr\u00f4le.<br \/>- <strong>Type de culture<\/strong>Certaines cultures r\u00e9agissent mieux \u00e0 l'ombre partielle, ce qui<br \/>peut augmenter les rendements.<br \/>- <strong>Production d'\u00e9nergie<\/strong>Elle d\u00e9pend du rayonnement solaire local et de la taille de l'appareil.<br \/>l'installation.<br \/>- <strong>Aides et subventions<\/strong>Les programmes gouvernementaux peuvent r\u00e9duire<br \/>de mani\u00e8re significative le co\u00fbt initial.<br \/>- <strong>Entretien et fonctionnement<\/strong>Bien que les syst\u00e8mes solaires n\u00e9cessitent peu de<br \/>il est important d'en tenir compte dans le calcul du retour sur investissement.<\/p>\t\t\t\t\t\t\t\t<\/div>\n\t\t\t\t<\/div>\n\t\t\t\t<\/div>\n\t\t<div class=\"elementor-element elementor-element-8751b16 e-con-full e-flex e-con e-child\" data-id=\"8751b16\" data-element_type=\"container\" data-e-type=\"container\">\n\t\t\t\t<div class=\"elementor-element elementor-element-c4425e3 elementor-widget elementor-widget-image\" data-id=\"c4425e3\" data-element_type=\"widget\" data-e-type=\"widget\" data-widget_type=\"image.default\">\n\t\t\t\t<div class=\"elementor-widget-container\">\n\t\t\t\t\t\t\t\t\t\t\t\t\t\t\t<img decoding=\"async\" width=\"800\" height=\"548\" src=\"https:\/\/www.mfrenovables.com\/wp-content\/uploads\/2025\/03\/imagen-recursos-Mfr-blog-1024x701.webp\" class=\"attachment-large size-large wp-image-4893\" alt=\"\" srcset=\"https:\/\/www.mfrenovables.com\/wp-content\/uploads\/2025\/03\/imagen-recursos-Mfr-blog-1024x701.webp 1024w, https:\/\/www.mfrenovables.com\/wp-content\/uploads\/2025\/03\/imagen-recursos-Mfr-blog-300x205.webp 300w, https:\/\/www.mfrenovables.com\/wp-content\/uploads\/2025\/03\/imagen-recursos-Mfr-blog-768x526.webp 768w, https:\/\/www.mfrenovables.com\/wp-content\/uploads\/2025\/03\/imagen-recursos-Mfr-blog-600x411.webp 600w, https:\/\/www.mfrenovables.com\/wp-content\/uploads\/2025\/03\/imagen-recursos-Mfr-blog.webp 1080w\" sizes=\"(max-width: 800px) 100vw, 800px\" \/>\t\t\t\t\t\t\t\t\t\t\t\t\t\t\t<\/div>\n\t\t\t\t<\/div>\n\t\t\t\t<\/div>\n\t\t\t\t<\/div>\n\t\t<div class=\"elementor-element elementor-element-f833097 e-con-full e-flex e-con e-child\" data-id=\"f833097\" data-element_type=\"container\" data-e-type=\"container\">\n\t\t<div class=\"elementor-element elementor-element-563768d e-con-full e-flex e-con e-child\" data-id=\"563768d\" data-element_type=\"container\" data-e-type=\"container\">\n\t\t\t\t<div class=\"elementor-element elementor-element-d34c50f elementor-widget elementor-widget-image\" data-id=\"d34c50f\" data-element_type=\"widget\" data-e-type=\"widget\" data-widget_type=\"image.default\">\n\t\t\t\t<div class=\"elementor-widget-container\">\n\t\t\t\t\t\t\t\t\t\t\t\t\t\t\t<img decoding=\"async\" width=\"701\" height=\"1024\" src=\"https:\/\/www.mfrenovables.com\/wp-content\/uploads\/2025\/02\/Metalframe-blog2-20-701x1024.webp\" class=\"attachment-large size-large wp-image-3971\" alt=\"\" srcset=\"https:\/\/www.mfrenovables.com\/wp-content\/uploads\/2025\/02\/Metalframe-blog2-20-701x1024.webp 701w, https:\/\/www.mfrenovables.com\/wp-content\/uploads\/2025\/02\/Metalframe-blog2-20-205x300.webp 205w, https:\/\/www.mfrenovables.com\/wp-content\/uploads\/2025\/02\/Metalframe-blog2-20-768x1122.webp 768w, https:\/\/www.mfrenovables.com\/wp-content\/uploads\/2025\/02\/Metalframe-blog2-20-600x876.webp 600w, https:\/\/www.mfrenovables.com\/wp-content\/uploads\/2025\/02\/Metalframe-blog2-20.webp 801w\" sizes=\"(max-width: 701px) 100vw, 701px\" \/>\t\t\t\t\t\t\t\t\t\t\t\t\t\t\t<\/div>\n\t\t\t\t<\/div>\n\t\t\t\t<\/div>\n\t\t<div class=\"elementor-element elementor-element-de07deb e-con-full e-flex e-con e-child\" data-id=\"de07deb\" data-element_type=\"container\" data-e-type=\"container\">\n\t\t\t\t<div class=\"elementor-element elementor-element-639186d elementor-widget elementor-widget-heading\" data-id=\"639186d\" data-element_type=\"widget\" data-e-type=\"widget\" data-widget_type=\"heading.default\">\n\t\t\t\t<div class=\"elementor-widget-container\">\n\t\t\t\t\t<h2 class=\"elementor-heading-title elementor-size-default\">2. Comment les revenus sont-ils g\u00e9n\u00e9r\u00e9s dans les projets agrovolta\u00efques ?<\/h2>\t\t\t\t<\/div>\n\t\t\t\t<\/div>\n\t\t\t\t<div class=\"elementor-element elementor-element-905cb25 elementor-widget elementor-widget-text-editor\" data-id=\"905cb25\" data-element_type=\"widget\" data-e-type=\"widget\" data-widget_type=\"text-editor.default\">\n\t\t\t\t<div class=\"elementor-widget-container\">\n\t\t\t\t\t\t\t\t\t<p>L'\u00e9volution rapide des technologies renouvelables n\u00e9cessite une approche plus globale.<br \/>la mise \u00e0 jour constante des comp\u00e9tences. La formation continue et la collaboration avec les \u00e9tablissements d'enseignement sont essentielles pour garantir que les talents disponibles correspondent aux besoins du secteur.<\/p>\t\t\t\t\t\t\t\t<\/div>\n\t\t\t\t<\/div>\n\t\t\t\t<div class=\"elementor-element elementor-element-9670b0c elementor-widget elementor-widget-heading\" data-id=\"9670b0c\" data-element_type=\"widget\" data-e-type=\"widget\" data-widget_type=\"heading.default\">\n\t\t\t\t<div class=\"elementor-widget-container\">\n\t\t\t\t\t<h2 class=\"elementor-heading-title elementor-size-default\">Le r\u00f4le cl\u00e9 des ressources humaines<\/h2>\t\t\t\t<\/div>\n\t\t\t\t<\/div>\n\t\t\t\t<div class=\"elementor-element elementor-element-0305760 elementor-widget elementor-widget-text-editor\" data-id=\"0305760\" data-element_type=\"widget\" data-e-type=\"widget\" data-widget_type=\"text-editor.default\">\n\t\t\t\t<div class=\"elementor-widget-container\">\n\t\t\t\t\t\t\t\t\t<p><strong>1. la vente d'\u00e9nergie au r\u00e9seau (contrat d'achat d'\u00e9lectricit\u00e9) :<\/strong><br \/>Les projets agrovolta\u00efques peuvent vendre l'\u00e9nergie produite au r\u00e9seau \u00e0 un prix de<br \/>par le biais de contrats \u00e0 long terme. Il s'agit de l'une des principales sources de revenus de l'Union europ\u00e9enne.<br \/>les agriculteurs et les op\u00e9rateurs de syst\u00e8mes.<br \/><strong>2. L'autoconsommation :<\/strong><br \/>L'\u00e9nergie produite peut \u00e9galement \u00eatre utilis\u00e9e pour r\u00e9duire la consommation d'\u00e9lectricit\u00e9 de l'entreprise.<br \/>l'exploitation agricole, par exemple dans les syst\u00e8mes d'irrigation, les serres ou les machines.<br \/><strong>3. l'am\u00e9lioration des rendements agricoles :<\/strong><br \/>Dans de nombreux cas, l'ombrage partiel des modules permet de r\u00e9duire le stress hydrique et d'am\u00e9liorer la qualit\u00e9 de l'eau.<br \/>augmente les rendements des cultures sensibles au rayonnement direct.<br \/><strong>4. Diversification des revenus :<\/strong><br \/>En combinant la production alimentaire et la production d'\u00e9nergie, les agriculteurs<br \/>peuvent att\u00e9nuer les risques financiers et garantir des revenus stables m\u00eame pendant les ann\u00e9es de crise.<br \/>une faible production agricole.<\/p>\t\t\t\t\t\t\t\t<\/div>\n\t\t\t\t<\/div>\n\t\t\t\t<\/div>\n\t\t\t\t<\/div>\n\t\t<div class=\"elementor-element elementor-element-beecf65 e-con-full e-flex e-con e-child\" data-id=\"beecf65\" data-element_type=\"container\" data-e-type=\"container\">\n\t\t<div class=\"elementor-element elementor-element-9f926c4 e-con-full e-flex e-con e-child\" data-id=\"9f926c4\" data-element_type=\"container\" data-e-type=\"container\">\n\t\t\t\t<div class=\"elementor-element elementor-element-bb65ed3 elementor-widget elementor-widget-heading\" data-id=\"bb65ed3\" data-element_type=\"widget\" data-e-type=\"widget\" data-widget_type=\"heading.default\">\n\t\t\t\t<div class=\"elementor-widget-container\">\n\t\t\t\t\t<h2 class=\"elementor-heading-title elementor-size-default\">3. Exemple pratique de calcul du rapport co\u00fbt-efficacit\u00e9<\/h2>\t\t\t\t<\/div>\n\t\t\t\t<\/div>\n\t\t\t\t<div class=\"elementor-element elementor-element-61bcf28 elementor-widget elementor-widget-text-editor\" data-id=\"61bcf28\" data-element_type=\"widget\" data-e-type=\"widget\" data-widget_type=\"text-editor.default\">\n\t\t\t\t<div class=\"elementor-widget-container\">\n\t\t\t\t\t\t\t\t\t<p>Imaginons un projet d'agrovolta\u00efque sur une ferme de 10 hectares, o\u00f9 un<br \/>une structure photovolta\u00efque sur\u00e9lev\u00e9e pour la culture de l\u00e9gumes, de type AGR-H.<br \/><strong>Donn\u00e9es initiales :<\/strong><br \/>- Investissement initial : 4,5 millions d'euros (modules, structures et<br \/>).<br \/>- Subventions : 300 000 euros (par le biais de programmes de soutien \u00e0 la formation professionnelle)<br \/>la mise en \u0153uvre des \u00e9nergies renouvelables).<br \/>- Production d'\u00e9nergie : 1,5 GWh par an.<br \/>- Prix de vente de l'\u00e9nergie : 0,10 euros\/kWh.<br \/>- Augmentation du rendement des cultures : 10% gr\u00e2ce \u00e0 l'ombrage partiel.<\/p><p><br \/><strong>Calcul du revenu annuel :<\/strong><br \/>- <strong>Ventes d'\u00e9nergie<\/strong>1,5 GWh \u00d7 0,10 euros\/kWh = 150 000 euros\/an.<br \/>- <strong>\u00c9conomies sur les co\u00fbts d'\u00e9lectricit\u00e9<\/strong>25 000 euros\/an (r\u00e9duction de la consommation).<br \/>\u00e9lectrique \u00e0 la ferme).<br \/>- <strong>Vente de la production agricole : 560 000 euros\/an (en supposant un prix de<\/strong><br \/><strong>1,40\/kg et une production de 40 000 kg\/ha).<\/strong><br \/>- Revenu suppl\u00e9mentaire provenant de l'augmentation de la production agricole : 5 600 euros\/an.<br \/><strong>Calcul du retour sur investissement :<\/strong><br \/>Investissement net : 4.500.000- 300.000 (subventions) = 4.200.000 euros.<br \/>Revenu annuel total : 150.000 + 25.000 + +560.000+5.600= 740.600euros\/an.<br \/><strong>Estimation du retour sur investissement :<\/strong> 4.200.000\/740.600 = environ 5,6 ans pour recouvrer le montant de l'imp\u00f4t sur le revenu.<br \/>investissement.<\/p>\t\t\t\t\t\t\t\t<\/div>\n\t\t\t\t<\/div>\n\t\t\t\t<\/div>\n\t\t<div class=\"elementor-element elementor-element-d18b181 e-con-full e-flex e-con e-child\" data-id=\"d18b181\" data-element_type=\"container\" data-e-type=\"container\">\n\t\t\t\t<div class=\"elementor-element elementor-element-a062b62 elementor-widget elementor-widget-heading\" data-id=\"a062b62\" data-element_type=\"widget\" data-e-type=\"widget\" data-widget_type=\"heading.default\">\n\t\t\t\t<div class=\"elementor-widget-container\">\n\t\t\t\t\t<h2 class=\"elementor-heading-title elementor-size-default\">4. Subventions et financements disponibles<\/h2>\t\t\t\t<\/div>\n\t\t\t\t<\/div>\n\t\t\t\t<div class=\"elementor-element elementor-element-1ad594d elementor-widget elementor-widget-text-editor\" data-id=\"1ad594d\" data-element_type=\"widget\" data-e-type=\"widget\" data-widget_type=\"text-editor.default\">\n\t\t\t\t<div class=\"elementor-widget-container\">\n\t\t\t\t\t\t\t\t\t<p>Dans des pays comme l'Espagne, la France et l'Allemagne, il existe de nombreux programmes d'\u00e9ducation et de formation.<br \/>des subventions et des aides pour la mise en \u0153uvre de projets agrovolta\u00efques.<br \/>En voici quelques exemples :<br \/>- <strong>Fonds europ\u00e9en pour le d\u00e9veloppement rural (FEADER).<\/strong><br \/>-<strong> Incitations nationales en faveur des \u00e9nergies renouvelables.<\/strong><br \/>- <strong>Programmes de soutien \u00e0 la durabilit\u00e9 de l'agriculture.<\/strong><br \/>Ces subventions peuvent couvrir entre 20% et 50% de l'investissement initial, r\u00e9duisant ainsi les co\u00fbts d'investissement.<br \/>de r\u00e9duire consid\u00e9rablement le temps n\u00e9cessaire pour atteindre la rentabilit\u00e9.<br \/><strong>5. Avantages \u00e9conomiques au-del\u00e0 du retour sur investissement<\/strong><br \/>Outre le retour sur investissement direct, l'agri-volta\u00efque offre les avantages suivants<br \/>des avantages \u00e9conomiques indirects :<\/p><p><strong>- Augmentation de la valeur du terrain<\/strong>L'installation de syst\u00e8mes agrovolta\u00efques : L'installation de syst\u00e8mes agrovolta\u00efques : L'installation de syst\u00e8mes agrovolta\u00efques<br \/>peut augmenter la valeur du terrain.<br \/><strong>- Protection contre les fluctuations des march\u00e9s agricoles :<\/strong> En diversifiant les<br \/>les agriculteurs r\u00e9duisent leur exposition \u00e0 la volatilit\u00e9 des prix des produits de base.<br \/>les produits agricoles.<br \/><strong>- R\u00e9duction des risques climatiques :<\/strong> Cultures prot\u00e9g\u00e9es sous modules<br \/>Les syst\u00e8mes photovolta\u00efques sont moins expos\u00e9s aux ph\u00e9nom\u00e8nes m\u00e9t\u00e9orologiques extr\u00eames.<\/p>\t\t\t\t\t\t\t\t<\/div>\n\t\t\t\t<\/div>\n\t\t\t\t<\/div>\n\t\t\t\t<\/div>\n\t\t<div class=\"elementor-element elementor-element-0ee8616 e-con-full elementor-hidden-desktop elementor-hidden-tablet elementor-hidden-mobile e-flex e-con e-child\" data-id=\"0ee8616\" data-element_type=\"container\" data-e-type=\"container\">\n\t\t<div class=\"elementor-element elementor-element-dce8079 e-con-full e-flex e-con e-child\" data-id=\"dce8079\" data-element_type=\"container\" data-e-type=\"container\">\n\t\t\t\t<div class=\"elementor-element elementor-element-f1ac9a4 elementor-widget elementor-widget-image\" data-id=\"f1ac9a4\" data-element_type=\"widget\" data-e-type=\"widget\" data-widget_type=\"image.default\">\n\t\t\t\t<div class=\"elementor-widget-container\">\n\t\t\t\t\t\t\t\t\t\t\t\t\t\t\t<img loading=\"lazy\" decoding=\"async\" width=\"701\" height=\"1024\" src=\"https:\/\/www.mfrenovables.com\/wp-content\/uploads\/2025\/02\/Metalframe-blog2-19-701x1024.webp\" class=\"attachment-large size-large wp-image-3976\" alt=\"\" srcset=\"https:\/\/www.mfrenovables.com\/wp-content\/uploads\/2025\/02\/Metalframe-blog2-19-701x1024.webp 701w, https:\/\/www.mfrenovables.com\/wp-content\/uploads\/2025\/02\/Metalframe-blog2-19-205x300.webp 205w, https:\/\/www.mfrenovables.com\/wp-content\/uploads\/2025\/02\/Metalframe-blog2-19-768x1122.webp 768w, https:\/\/www.mfrenovables.com\/wp-content\/uploads\/2025\/02\/Metalframe-blog2-19-600x876.webp 600w, https:\/\/www.mfrenovables.com\/wp-content\/uploads\/2025\/02\/Metalframe-blog2-19.webp 801w\" sizes=\"(max-width: 701px) 100vw, 701px\" \/>\t\t\t\t\t\t\t\t\t\t\t\t\t\t\t<\/div>\n\t\t\t\t<\/div>\n\t\t\t\t<\/div>\n\t\t<div class=\"elementor-element elementor-element-eb78a78 e-con-full e-flex e-con e-child\" data-id=\"eb78a78\" data-element_type=\"container\" data-e-type=\"container\">\n\t\t\t\t<div class=\"elementor-element elementor-element-120b721 elementor-widget elementor-widget-text-editor\" data-id=\"120b721\" data-element_type=\"widget\" data-e-type=\"widget\" data-widget_type=\"text-editor.default\">\n\t\t\t\t<div class=\"elementor-widget-container\">\n\t\t\t\t\t\t\t\t\t<p data-pm-slice=\"1 1 []\">L'agrovolta\u00efque n'est pas seulement une solution technologique, c'est aussi un mod\u00e8le complet pour relever les d\u00e9fis du changement climatique et promouvoir le d\u00e9veloppement durable dans les zones rurales. Sa capacit\u00e9 \u00e0 <strong>r\u00e9duire les \u00e9missions, pr\u00e9server les ressources naturelles et am\u00e9liorer l'\u00e9conomie rurale<\/strong> en fait un outil essentiel dans la lutte contre le changement climatique. Avec un soutien et un financement ad\u00e9quats des politiques publiques, son adoption peut faire une diff\u00e9rence significative au niveau mondial.<\/p><p>Dans les prochaines publications, nous \u00e9tudierons les innovations technologiques qui favorisent leur d\u00e9veloppement et les possibilit\u00e9s d'investissement pour les petits exploitants agricoles.<\/p>\t\t\t\t\t\t\t\t<\/div>\n\t\t\t\t<\/div>\n\t\t\t\t<\/div>\n\t\t\t\t<\/div>\n\t\t<div class=\"elementor-element elementor-element-ac97f29 e-con-full e-flex e-con e-child\" data-id=\"ac97f29\" data-element_type=\"container\" data-e-type=\"container\">\n\t\t<div class=\"elementor-element elementor-element-fd6db28 e-con-full e-flex e-con e-child\" data-id=\"fd6db28\" data-element_type=\"container\" data-e-type=\"container\">\n\t\t\t\t<div class=\"elementor-element elementor-element-98580f9 elementor-widget elementor-widget-image\" data-id=\"98580f9\" data-element_type=\"widget\" data-e-type=\"widget\" data-widget_type=\"image.default\">\n\t\t\t\t<div class=\"elementor-widget-container\">\n\t\t\t\t\t\t\t\t\t\t\t\t\t\t\t<img loading=\"lazy\" decoding=\"async\" width=\"800\" height=\"534\" src=\"https:\/\/www.mfrenovables.com\/wp-content\/uploads\/2025\/02\/Solicitar-presupuesto-3-1024x683.webp\" class=\"attachment-large size-large wp-image-3876\" alt=\"\" srcset=\"https:\/\/www.mfrenovables.com\/wp-content\/uploads\/2025\/02\/Solicitar-presupuesto-3-1024x683.webp 1024w, https:\/\/www.mfrenovables.com\/wp-content\/uploads\/2025\/02\/Solicitar-presupuesto-3-300x200.webp 300w, https:\/\/www.mfrenovables.com\/wp-content\/uploads\/2025\/02\/Solicitar-presupuesto-3-768x512.webp 768w, https:\/\/www.mfrenovables.com\/wp-content\/uploads\/2025\/02\/Solicitar-presupuesto-3-1536x1024.webp 1536w, https:\/\/www.mfrenovables.com\/wp-content\/uploads\/2025\/02\/Solicitar-presupuesto-3-2048x1365.webp 2048w, https:\/\/www.mfrenovables.com\/wp-content\/uploads\/2025\/02\/Solicitar-presupuesto-3-600x400.webp 600w\" sizes=\"(max-width: 800px) 100vw, 800px\" \/>\t\t\t\t\t\t\t\t\t\t\t\t\t\t\t<\/div>\n\t\t\t\t<\/div>\n\t\t\t\t<\/div>\n\t\t<div class=\"elementor-element elementor-element-50692e6 e-con-full e-flex e-con e-child\" data-id=\"50692e6\" data-element_type=\"container\" data-e-type=\"container\">\n\t\t\t\t<div class=\"elementor-element elementor-element-3de89be elementor-widget elementor-widget-heading\" data-id=\"3de89be\" data-element_type=\"widget\" data-e-type=\"widget\" data-widget_type=\"heading.default\">\n\t\t\t\t<div class=\"elementor-widget-container\">\n\t\t\t\t\t<h4 class=\"elementor-heading-title elementor-size-default\">Conclusion : l'agrovolta\u00efque est un investissement rentable et durable<\/h4>\t\t\t\t<\/div>\n\t\t\t\t<\/div>\n\t\t\t\t<div class=\"elementor-element elementor-element-4c51fc4 elementor-widget elementor-widget-text-editor\" data-id=\"4c51fc4\" data-element_type=\"widget\" data-e-type=\"widget\" data-widget_type=\"text-editor.default\">\n\t\t\t\t<div class=\"elementor-widget-container\">\n\t\t\t\t\t\t\t\t\t<p>Gr\u00e2ce \u00e0 la combinaison des recettes provenant de la vente d'\u00e9nergie, des \u00e9conomies de co\u00fbts et de la r\u00e9duction des \u00e9missions de gaz \u00e0 effet de serre.<br \/>et les incitations disponibles, l'agrovolta\u00efque appara\u00eet comme une option viable.<br \/>\u00e9conomiquement viable pour les agriculteurs et les investisseurs. En outre, son potentiel de<br \/>l'am\u00e9lioration de la s\u00e9curit\u00e9 alimentaire et de la durabilit\u00e9 en fait une solution<br \/>pour l'avenir.<br \/>Dans nos prochaines publications, nous examinerons plus en d\u00e9tail les mod\u00e8les d'entreprise et les strat\u00e9gies de<br \/>financement sp\u00e9cifique.<\/p>\t\t\t\t\t\t\t\t<\/div>\n\t\t\t\t<\/div>\n\t\t\t\t<\/div>\n\t\t\t\t<\/div>\n\t\t<div class=\"elementor-element elementor-element-7ab5581 e-con-full e-flex e-con e-child\" data-id=\"7ab5581\" data-element_type=\"container\" data-e-type=\"container\">\n\t\t\t\t<\/div>\n\t\t\t\t<div class=\"elementor-element elementor-element-3c37e21 elementor-widget elementor-widget-heading\" data-id=\"3c37e21\" data-element_type=\"widget\" data-e-type=\"widget\" data-widget_type=\"heading.default\">\n\t\t\t\t<div class=\"elementor-widget-container\">\n\t\t\t\t\t<h3 class=\"elementor-heading-title elementor-size-default\">Vous souhaitez travailler chez Metal Frame Renovables ? <\/h3>\t\t\t\t<\/div>\n\t\t\t\t<\/div>\n\t\t<div class=\"elementor-element elementor-element-50746c2 e-con-full e-flex e-con e-child\" data-id=\"50746c2\" data-element_type=\"container\" data-e-type=\"container\">\n\t\t<div class=\"elementor-element elementor-element-3f6e9ea e-con-full e-flex e-con e-child\" data-id=\"3f6e9ea\" data-element_type=\"container\" data-e-type=\"container\">\n\t\t\t\t<div class=\"elementor-element elementor-element-c5c9875 elementor-widget elementor-widget-button\" data-id=\"c5c9875\" data-element_type=\"widget\" data-e-type=\"widget\" data-widget_type=\"button.default\">\n\t\t\t\t<div class=\"elementor-widget-container\">\n\t\t\t\t\t\t\t\t\t<div class=\"elementor-button-wrapper\">\n\t\t\t\t\t<a class=\"elementor-button elementor-button-link elementor-size-sm\" href=\"mailto:info@mfrenovables.com\">\n\t\t\t\t\t\t<span class=\"elementor-button-content-wrapper\">\n\t\t\t\t\t\t\t\t\t<span class=\"elementor-button-text\">Nous contacter<\/span>\n\t\t\t\t\t<\/span>\n\t\t\t\t\t<\/a>\n\t\t\t\t<\/div>\n\t\t\t\t\t\t\t\t<\/div>\n\t\t\t\t<\/div>\n\t\t\t\t<\/div>\n\t\t\t\t<\/div>\n\t\t\t\t<\/div>\n\t\t\t\t<\/div>\n\t\t<div class=\"elementor-element elementor-element-9b4354c e-con-full e-flex e-con e-child\" data-id=\"9b4354c\" data-element_type=\"container\" data-e-type=\"container\">\n\t\t<div class=\"elementor-element elementor-element-d771591 e-con-full e-flex e-con e-child\" data-id=\"d771591\" data-element_type=\"container\" data-e-type=\"container\" data-settings=\"{&quot;background_background&quot;:&quot;classic&quot;}\">\n\t\t\t\t<div class=\"elementor-element elementor-element-67c7aa5 elementor-widget elementor-widget-heading\" data-id=\"67c7aa5\" data-element_type=\"widget\" data-e-type=\"widget\" data-widget_type=\"heading.default\">\n\t\t\t\t<div class=\"elementor-widget-container\">\n\t\t\t\t\t<h2 class=\"elementor-heading-title elementor-size-default\">Cat\u00e9gories<\/h2>\t\t\t\t<\/div>\n\t\t\t\t<\/div>\n\t\t\t\t<div class=\"elementor-element elementor-element-67057ba elementor-icon-list--layout-traditional elementor-list-item-link-full_width elementor-widget elementor-widget-icon-list\" data-id=\"67057ba\" data-element_type=\"widget\" data-e-type=\"widget\" data-widget_type=\"icon-list.default\">\n\t\t\t\t<div class=\"elementor-widget-container\">\n\t\t\t\t\t\t\t<ul class=\"elementor-icon-list-items\">\n\t\t\t\t\t\t\t<li class=\"elementor-icon-list-item\">\n\t\t\t\t\t\t\t\t\t\t\t<span class=\"elementor-icon-list-icon\">\n\t\t\t\t\t\t\t<svg aria-hidden=\"true\" class=\"e-font-icon-svg e-far-folder\" viewbox=\"0 0 512 512\" xmlns=\"http:\/\/www.w3.org\/2000\/svg\"><path d=\"M464 128H272l-54.63-54.63c-6-6-14.14-9.37-22.63-9.37H48C21.49 64 0 85.49 0 112v288c0 26.51 21.49 48 48 48h416c26.51 0 48-21.49 48-48V176c0-26.51-21.49-48-48-48zm0 272H48V112h140.12l54.63 54.63c6 6 14.14 9.37 22.63 9.37H464v224z\"><\/path><\/svg>\t\t\t\t\t\t<\/span>\n\t\t\t\t\t\t\t\t\t\t<span class=\"elementor-icon-list-text\">Agrovolta\u00efque<\/span>\n\t\t\t\t\t\t\t\t\t<\/li>\n\t\t\t\t\t\t\t\t<li class=\"elementor-icon-list-item\">\n\t\t\t\t\t\t\t\t\t\t\t<span class=\"elementor-icon-list-icon\">\n\t\t\t\t\t\t\t<svg aria-hidden=\"true\" class=\"e-font-icon-svg e-far-folder\" viewbox=\"0 0 512 512\" xmlns=\"http:\/\/www.w3.org\/2000\/svg\"><path d=\"M464 128H272l-54.63-54.63c-6-6-14.14-9.37-22.63-9.37H48C21.49 64 0 85.49 0 112v288c0 26.51 21.49 48 48 48h416c26.51 0 48-21.49 48-48V176c0-26.51-21.49-48-48-48zm0 272H48V112h140.12l54.63 54.63c6 6 14.14 9.37 22.63 9.37H464v224z\"><\/path><\/svg>\t\t\t\t\t\t<\/span>\n\t\t\t\t\t\t\t\t\t\t<span class=\"elementor-icon-list-text\">Stationnement et marquage<\/span>\n\t\t\t\t\t\t\t\t\t<\/li>\n\t\t\t\t\t\t\t\t<li class=\"elementor-icon-list-item\">\n\t\t\t\t\t\t\t\t\t\t\t<span class=\"elementor-icon-list-icon\">\n\t\t\t\t\t\t\t<svg aria-hidden=\"true\" class=\"e-font-icon-svg e-far-folder\" viewbox=\"0 0 512 512\" xmlns=\"http:\/\/www.w3.org\/2000\/svg\"><path d=\"M464 128H272l-54.63-54.63c-6-6-14.14-9.37-22.63-9.37H48C21.49 64 0 85.49 0 112v288c0 26.51 21.49 48 48 48h416c26.51 0 48-21.49 48-48V176c0-26.51-21.49-48-48-48zm0 272H48V112h140.12l54.63 54.63c6 6 14.14 9.37 22.63 9.37H464v224z\"><\/path><\/svg>\t\t\t\t\t\t<\/span>\n\t\t\t\t\t\t\t\t\t\t<span class=\"elementor-icon-list-text\">Foires<\/span>\n\t\t\t\t\t\t\t\t\t<\/li>\n\t\t\t\t\t\t<\/ul>\n\t\t\t\t\t\t<\/div>\n\t\t\t\t<\/div>\n\t\t\t\t<\/div>\n\t\t<div class=\"elementor-element elementor-element-ffe08ff e-con-full e-flex e-con e-child\" data-id=\"ffe08ff\" data-element_type=\"container\" data-e-type=\"container\" data-settings=\"{&quot;background_background&quot;:&quot;classic&quot;}\">\n\t\t\t\t<div class=\"elementor-element elementor-element-823b603 elementor-grid-1 elementor-grid-tablet-2 elementor-grid-mobile-1 elementor-posts--thumbnail-top elementor-widget elementor-widget-posts\" data-id=\"823b603\" data-element_type=\"widget\" data-e-type=\"widget\" data-settings=\"{&quot;classic_columns&quot;:&quot;1&quot;,&quot;classic_columns_tablet&quot;:&quot;2&quot;,&quot;classic_columns_mobile&quot;:&quot;1&quot;,&quot;classic_row_gap&quot;:{&quot;unit&quot;:&quot;px&quot;,&quot;size&quot;:35,&quot;sizes&quot;:[]},&quot;classic_row_gap_tablet&quot;:{&quot;unit&quot;:&quot;px&quot;,&quot;size&quot;:&quot;&quot;,&quot;sizes&quot;:[]},&quot;classic_row_gap_mobile&quot;:{&quot;unit&quot;:&quot;px&quot;,&quot;size&quot;:&quot;&quot;,&quot;sizes&quot;:[]}}\" data-widget_type=\"posts.classic\">\n\t\t\t\t<div class=\"elementor-widget-container\">\n\t\t\t\t\t\t\t<div class=\"elementor-posts-container elementor-posts elementor-posts--skin-classic elementor-grid\" role=\"list\">\n\t\t\t\t<article class=\"elementor-post elementor-grid-item post-9893 post type-post status-publish format-standard has-post-thumbnail hentry category-noticias-del-sector category-uncategorized\" role=\"listitem\">\n\t\t\t\t<a class=\"elementor-post__thumbnail__link\" href=\"https:\/\/www.mfrenovables.com\/fr\/5-novedades-metal-frame\/\" tabindex=\"-1\" >\n\t\t\t<div class=\"elementor-post__thumbnail\"><img loading=\"lazy\" decoding=\"async\" width=\"800\" height=\"450\" src=\"https:\/\/www.mfrenovables.com\/wp-content\/uploads\/2026\/04\/novedades_mfr-1024x576.webp\" class=\"attachment-large size-large wp-image-9895\" alt=\"\" srcset=\"https:\/\/www.mfrenovables.com\/wp-content\/uploads\/2026\/04\/novedades_mfr-1024x576.webp 1024w, https:\/\/www.mfrenovables.com\/wp-content\/uploads\/2026\/04\/novedades_mfr-300x169.webp 300w, https:\/\/www.mfrenovables.com\/wp-content\/uploads\/2026\/04\/novedades_mfr-768x432.webp 768w, https:\/\/www.mfrenovables.com\/wp-content\/uploads\/2026\/04\/novedades_mfr-1536x864.webp 1536w, https:\/\/www.mfrenovables.com\/wp-content\/uploads\/2026\/04\/novedades_mfr-18x10.webp 18w, https:\/\/www.mfrenovables.com\/wp-content\/uploads\/2026\/04\/novedades_mfr.webp 1920w\" sizes=\"(max-width: 800px) 100vw, 800px\" \/><\/div>\n\t\t<\/a>\n\t\t\t\t<div class=\"elementor-post__text\">\n\t\t\t\t<h3 class=\"elementor-post__title\">\n\t\t\t<a href=\"https:\/\/www.mfrenovables.com\/fr\/5-novedades-metal-frame\/\" >\n\t\t\t\t5 novedades de Metal Frame Renovables: MFPARK, Kits Cubierta, MFBLOCK y nuevos lastres\t\t\t<\/a>\n\t\t<\/h3>\n\t\t\t\t<div class=\"elementor-post__meta-data\">\n\t\t\t\t\t<span class=\"elementor-post-date\">\n\t\t\tavril 21, 2026\t\t<\/span>\n\t\t\t\t<span class=\"elementor-post-avatar\">\n\t\t\tAucun commentaire\t\t<\/span>\n\t\t\t\t<\/div>\n\t\t\n\t\t<a class=\"elementor-post__read-more\" href=\"https:\/\/www.mfrenovables.com\/fr\/5-novedades-metal-frame\/\" aria-label=\"En savoir plus sur 5 novedades de Metal Frame Renovables: MFPARK, Kits Cubierta, MFBLOCK y nuevos lastres\" tabindex=\"-1\" >\n\t\t\tLire la suite \u00bb\t\t<\/a>\n\n\t\t\t\t<\/div>\n\t\t\t\t<\/article>\n\t\t\t\t<article class=\"elementor-post elementor-grid-item post-9571 post type-post status-publish format-standard has-post-thumbnail hentry category-noticias-del-sector\" role=\"listitem\">\n\t\t\t\t<a class=\"elementor-post__thumbnail__link\" href=\"https:\/\/www.mfrenovables.com\/fr\/metal-frame-renovables-uno-de-los-patrocinadores-de-la-maraton-zurich-10k-ciudad-de-don-benito-2026\/\" tabindex=\"-1\" >\n\t\t\t<div class=\"elementor-post__thumbnail\"><img loading=\"lazy\" decoding=\"async\" width=\"800\" height=\"720\" src=\"https:\/\/www.mfrenovables.com\/wp-content\/uploads\/2026\/03\/4.webp\" class=\"attachment-large size-large wp-image-9582\" alt=\"\" srcset=\"https:\/\/www.mfrenovables.com\/wp-content\/uploads\/2026\/03\/4.webp 901w, https:\/\/www.mfrenovables.com\/wp-content\/uploads\/2026\/03\/4-300x270.webp 300w, https:\/\/www.mfrenovables.com\/wp-content\/uploads\/2026\/03\/4-768x691.webp 768w, https:\/\/www.mfrenovables.com\/wp-content\/uploads\/2026\/03\/4-13x12.webp 13w\" sizes=\"(max-width: 800px) 100vw, 800px\" \/><\/div>\n\t\t<\/a>\n\t\t\t\t<div class=\"elementor-post__text\">\n\t\t\t\t<h3 class=\"elementor-post__title\">\n\t\t\t<a href=\"https:\/\/www.mfrenovables.com\/fr\/metal-frame-renovables-uno-de-los-patrocinadores-de-la-maraton-zurich-10k-ciudad-de-don-benito-2026\/\" >\n\t\t\t\tMetal Frame Renovables uno de los patrocinadores de la marat\u00f3n Zurich 10K Ciudad de Don Benito 2026\t\t\t<\/a>\n\t\t<\/h3>\n\t\t\t\t<div class=\"elementor-post__meta-data\">\n\t\t\t\t\t<span class=\"elementor-post-date\">\n\t\t\tmars 23, 2026\t\t<\/span>\n\t\t\t\t<span class=\"elementor-post-avatar\">\n\t\t\tAucun commentaire\t\t<\/span>\n\t\t\t\t<\/div>\n\t\t\n\t\t<a class=\"elementor-post__read-more\" href=\"https:\/\/www.mfrenovables.com\/fr\/metal-frame-renovables-uno-de-los-patrocinadores-de-la-maraton-zurich-10k-ciudad-de-don-benito-2026\/\" aria-label=\"En savoir plus sur Metal Frame Renovables uno de los patrocinadores de la marat\u00f3n Zurich 10K Ciudad de Don Benito 2026\" tabindex=\"-1\" >\n\t\t\tLire la suite \u00bb\t\t<\/a>\n\n\t\t\t\t<\/div>\n\t\t\t\t<\/article>\n\t\t\t\t<article class=\"elementor-post elementor-grid-item post-9432 post type-post status-publish format-standard has-post-thumbnail hentry category-noticias-del-sector\" role=\"listitem\">\n\t\t\t\t<a class=\"elementor-post__thumbnail__link\" href=\"https:\/\/www.mfrenovables.com\/fr\/mf-renovables-cb-al-qazeres-solidaridad-banco-alimentos-2\/\" tabindex=\"-1\" >\n\t\t\t<div class=\"elementor-post__thumbnail\"><img loading=\"lazy\" decoding=\"async\" width=\"593\" height=\"596\" src=\"https:\/\/www.mfrenovables.com\/wp-content\/uploads\/2026\/03\/1-2-2.webp\" class=\"attachment-large size-large wp-image-9428\" alt=\"\" srcset=\"https:\/\/www.mfrenovables.com\/wp-content\/uploads\/2026\/03\/1-2-2.webp 593w, https:\/\/www.mfrenovables.com\/wp-content\/uploads\/2026\/03\/1-2-2-298x300.webp 298w, https:\/\/www.mfrenovables.com\/wp-content\/uploads\/2026\/03\/1-2-2-150x150.webp 150w, https:\/\/www.mfrenovables.com\/wp-content\/uploads\/2026\/03\/1-2-2-12x12.webp 12w\" sizes=\"(max-width: 593px) 100vw, 593px\" \/><\/div>\n\t\t<\/a>\n\t\t\t\t<div class=\"elementor-post__text\">\n\t\t\t\t<h3 class=\"elementor-post__title\">\n\t\t\t<a href=\"https:\/\/www.mfrenovables.com\/fr\/mf-renovables-cb-al-qazeres-solidaridad-banco-alimentos-2\/\" >\n\t\t\t\tMF Renovables CB Al-Q\u00e1zeres participa en un partido solidario a favor del Banco de Alimentos de C\u00e1ceres\t\t\t<\/a>\n\t\t<\/h3>\n\t\t\t\t<div class=\"elementor-post__meta-data\">\n\t\t\t\t\t<span class=\"elementor-post-date\">\n\t\t\tmars 18, 2026\t\t<\/span>\n\t\t\t\t<span class=\"elementor-post-avatar\">\n\t\t\tAucun commentaire\t\t<\/span>\n\t\t\t\t<\/div>\n\t\t\n\t\t<a class=\"elementor-post__read-more\" href=\"https:\/\/www.mfrenovables.com\/fr\/mf-renovables-cb-al-qazeres-solidaridad-banco-alimentos-2\/\" aria-label=\"En savoir plus sur MF Renovables CB Al-Q\u00e1zeres participa en un partido solidario a favor del Banco de Alimentos de C\u00e1ceres\" tabindex=\"-1\" >\n\t\t\tLire la suite \u00bb\t\t<\/a>\n\n\t\t\t\t<\/div>\n\t\t\t\t<\/article>\n\t\t\t\t<article class=\"elementor-post elementor-grid-item post-9280 post type-post status-publish format-standard has-post-thumbnail hentry category-noticias-del-sector\" role=\"listitem\">\n\t\t\t\t<a class=\"elementor-post__thumbnail__link\" href=\"https:\/\/www.mfrenovables.com\/fr\/carrera-solidaria-para-el-parkinson\/\" tabindex=\"-1\" >\n\t\t\t<div class=\"elementor-post__thumbnail\"><img loading=\"lazy\" decoding=\"async\" width=\"800\" height=\"448\" src=\"https:\/\/www.mfrenovables.com\/wp-content\/uploads\/2026\/03\/vii-carrera-solidaria4-1024x574.webp\" class=\"attachment-large size-large wp-image-9283\" alt=\"\" srcset=\"https:\/\/www.mfrenovables.com\/wp-content\/uploads\/2026\/03\/vii-carrera-solidaria4-1024x574.webp 1024w, https:\/\/www.mfrenovables.com\/wp-content\/uploads\/2026\/03\/vii-carrera-solidaria4-300x168.webp 300w, https:\/\/www.mfrenovables.com\/wp-content\/uploads\/2026\/03\/vii-carrera-solidaria4-768x431.webp 768w, https:\/\/www.mfrenovables.com\/wp-content\/uploads\/2026\/03\/vii-carrera-solidaria4-18x10.webp 18w, https:\/\/www.mfrenovables.com\/wp-content\/uploads\/2026\/03\/vii-carrera-solidaria4.webp 1312w\" sizes=\"(max-width: 800px) 100vw, 800px\" \/><\/div>\n\t\t<\/a>\n\t\t\t\t<div class=\"elementor-post__text\">\n\t\t\t\t<h3 class=\"elementor-post__title\">\n\t\t\t<a href=\"https:\/\/www.mfrenovables.com\/fr\/carrera-solidaria-para-el-parkinson\/\" >\n\t\t\t\tCarrera solidaria para el Parkinson | Metal Frame corre por una causa solidaria\t\t\t<\/a>\n\t\t<\/h3>\n\t\t\t\t<div class=\"elementor-post__meta-data\">\n\t\t\t\t\t<span class=\"elementor-post-date\">\n\t\t\tmars 16, 2026\t\t<\/span>\n\t\t\t\t<span class=\"elementor-post-avatar\">\n\t\t\tAucun commentaire\t\t<\/span>\n\t\t\t\t<\/div>\n\t\t\n\t\t<a class=\"elementor-post__read-more\" href=\"https:\/\/www.mfrenovables.com\/fr\/carrera-solidaria-para-el-parkinson\/\" aria-label=\"En savoir plus sur Carrera solidaria para el Parkinson | Metal Frame corre por una causa solidaria\" tabindex=\"-1\" >\n\t\t\tLire la suite \u00bb\t\t<\/a>\n\n\t\t\t\t<\/div>\n\t\t\t\t<\/article>\n\t\t\t\t<article class=\"elementor-post elementor-grid-item post-8896 post type-post status-publish format-standard hentry category-uncategorized\" role=\"listitem\">\n\t\t\t\t<div class=\"elementor-post__text\">\n\t\t\t\t<h3 class=\"elementor-post__title\">\n\t\t\t<a href=\"https:\/\/www.mfrenovables.com\/fr\/soluciones-inclinadas-en-cubiertas-lastradas-con-bordillos-mfblock\/\" >\n\t\t\t\tSoluciones Inclinadas en Cubiertas Lastradas con Bordillos MFBLOCK\t\t\t<\/a>\n\t\t<\/h3>\n\t\t\t\t<div class=\"elementor-post__meta-data\">\n\t\t\t\t\t<span class=\"elementor-post-date\">\n\t\t\tf\u00e9vrier 24, 2026\t\t<\/span>\n\t\t\t\t<span class=\"elementor-post-avatar\">\n\t\t\tAucun commentaire\t\t<\/span>\n\t\t\t\t<\/div>\n\t\t\n\t\t<a class=\"elementor-post__read-more\" href=\"https:\/\/www.mfrenovables.com\/fr\/soluciones-inclinadas-en-cubiertas-lastradas-con-bordillos-mfblock\/\" aria-label=\"En savoir plus sur Soluciones Inclinadas en Cubiertas Lastradas con Bordillos MFBLOCK\" tabindex=\"-1\" >\n\t\t\tLire la suite \u00bb\t\t<\/a>\n\n\t\t\t\t<\/div>\n\t\t\t\t<\/article>\n\t\t\t\t<article class=\"elementor-post elementor-grid-item post-8891 post type-post status-publish format-standard hentry category-uncategorized\" role=\"listitem\">\n\t\t\t\t<div class=\"elementor-post__text\">\n\t\t\t\t<h3 class=\"elementor-post__title\">\n\t\t\t<a href=\"https:\/\/www.mfrenovables.com\/fr\/solucione\/\" >\n\t\t\t\tSolucione\t\t\t<\/a>\n\t\t<\/h3>\n\t\t\t\t<div class=\"elementor-post__meta-data\">\n\t\t\t\t\t<span class=\"elementor-post-date\">\n\t\t\tf\u00e9vrier 24, 2026\t\t<\/span>\n\t\t\t\t<span class=\"elementor-post-avatar\">\n\t\t\tAucun commentaire\t\t<\/span>\n\t\t\t\t<\/div>\n\t\t\n\t\t<a class=\"elementor-post__read-more\" href=\"https:\/\/www.mfrenovables.com\/fr\/solucione\/\" aria-label=\"En savoir plus sur Solucione\" tabindex=\"-1\" >\n\t\t\tLire la suite \u00bb\t\t<\/a>\n\n\t\t\t\t<\/div>\n\t\t\t\t<\/article>\n\t\t\t\t<\/div>\n\t\t\n\t\t\t\t\t\t<\/div>\n\t\t\t\t<\/div>\n\t\t\t\t<\/div>\n\t\t<div class=\"elementor-element elementor-element-05c8faf e-con-full elementor-hidden-desktop elementor-hidden-tablet elementor-hidden-mobile e-flex e-con e-child\" data-id=\"05c8faf\" data-element_type=\"container\" data-e-type=\"container\" data-settings=\"{&quot;background_background&quot;:&quot;classic&quot;}\">\n\t\t\t\t<div class=\"elementor-element elementor-element-f95a3af elementor-widget elementor-widget-heading\" data-id=\"f95a3af\" data-element_type=\"widget\" data-e-type=\"widget\" data-widget_type=\"heading.default\">\n\t\t\t\t<div class=\"elementor-widget-container\">\n\t\t\t\t\t<h2 class=\"elementor-heading-title elementor-size-default\">Partager<\/h2>\t\t\t\t<\/div>\n\t\t\t\t<\/div>\n\t\t\t\t<div class=\"elementor-element elementor-element-3a8a2f8 elementor-shape-circle e-grid-align-left elementor-grid-0 elementor-widget elementor-widget-social-icons\" data-id=\"3a8a2f8\" data-element_type=\"widget\" data-e-type=\"widget\" data-widget_type=\"social-icons.default\">\n\t\t\t\t<div class=\"elementor-widget-container\">\n\t\t\t\t\t\t\t<div class=\"elementor-social-icons-wrapper elementor-grid\" role=\"list\">\n\t\t\t\t\t\t\t<span class=\"elementor-grid-item\" role=\"listitem\">\n\t\t\t\t\t<a class=\"elementor-icon elementor-social-icon elementor-social-icon-facebook elementor-repeater-item-71e6d24\" target=\"_blank\">\n\t\t\t\t\t\t<span class=\"elementor-screen-only\">Facebook<\/span>\n\t\t\t\t\t\t<svg aria-hidden=\"true\" class=\"e-font-icon-svg e-fab-facebook\" viewbox=\"0 0 512 512\" xmlns=\"http:\/\/www.w3.org\/2000\/svg\"><path d=\"M504 256C504 119 393 8 256 8S8 119 8 256c0 123.78 90.69 226.38 209.25 245V327.69h-63V256h63v-54.64c0-62.15 37-96.48 93.67-96.48 27.14 0 55.52 4.84 55.52 4.84v61h-31.28c-30.8 0-40.41 19.12-40.41 38.73V256h68.78l-11 71.69h-57.78V501C413.31 482.38 504 379.78 504 256z\"><\/path><\/svg>\t\t\t\t\t<\/a>\n\t\t\t\t<\/span>\n\t\t\t\t\t\t\t<span class=\"elementor-grid-item\" role=\"listitem\">\n\t\t\t\t\t<a class=\"elementor-icon elementor-social-icon elementor-social-icon-twitter elementor-repeater-item-12db72f\" target=\"_blank\">\n\t\t\t\t\t\t<span class=\"elementor-screen-only\">Twitter<\/span>\n\t\t\t\t\t\t<svg aria-hidden=\"true\" class=\"e-font-icon-svg e-fab-twitter\" viewbox=\"0 0 512 512\" xmlns=\"http:\/\/www.w3.org\/2000\/svg\"><path d=\"M459.37 151.716c.325 4.548.325 9.097.325 13.645 0 138.72-105.583 298.558-298.558 298.558-59.452 0-114.68-17.219-161.137-47.106 8.447.974 16.568 1.299 25.34 1.299 49.055 0 94.213-16.568 130.274-44.832-46.132-.975-84.792-31.188-98.112-72.772 6.498.974 12.995 1.624 19.818 1.624 9.421 0 18.843-1.3 27.614-3.573-48.081-9.747-84.143-51.98-84.143-102.985v-1.299c13.969 7.797 30.214 12.67 47.431 13.319-28.264-18.843-46.781-51.005-46.781-87.391 0-19.492 5.197-37.36 14.294-52.954 51.655 63.675 129.3 105.258 216.365 109.807-1.624-7.797-2.599-15.918-2.599-24.04 0-57.828 46.782-104.934 104.934-104.934 30.213 0 57.502 12.67 76.67 33.137 23.715-4.548 46.456-13.32 66.599-25.34-7.798 24.366-24.366 44.833-46.132 57.827 21.117-2.273 41.584-8.122 60.426-16.243-14.292 20.791-32.161 39.308-52.628 54.253z\"><\/path><\/svg>\t\t\t\t\t<\/a>\n\t\t\t\t<\/span>\n\t\t\t\t\t\t\t<span class=\"elementor-grid-item\" role=\"listitem\">\n\t\t\t\t\t<a class=\"elementor-icon elementor-social-icon elementor-social-icon-linkedin elementor-repeater-item-2ba4709\" target=\"_blank\">\n\t\t\t\t\t\t<span class=\"elementor-screen-only\">Linkedin<\/span>\n\t\t\t\t\t\t<svg aria-hidden=\"true\" class=\"e-font-icon-svg e-fab-linkedin\" viewbox=\"0 0 448 512\" xmlns=\"http:\/\/www.w3.org\/2000\/svg\"><path d=\"M416 32H31.9C14.3 32 0 46.5 0 64.3v383.4C0 465.5 14.3 480 31.9 480H416c17.6 0 32-14.5 32-32.3V64.3c0-17.8-14.4-32.3-32-32.3zM135.4 416H69V202.2h66.5V416zm-33.2-243c-21.3 0-38.5-17.3-38.5-38.5S80.9 96 102.2 96c21.2 0 38.5 17.3 38.5 38.5 0 21.3-17.2 38.5-38.5 38.5zm282.1 243h-66.4V312c0-24.8-.5-56.7-34.5-56.7-34.6 0-39.9 27-39.9 54.9V416h-66.4V202.2h63.7v29.2h.9c8.9-16.8 30.6-34.5 62.9-34.5 67.2 0 79.7 44.3 79.7 101.9V416z\"><\/path><\/svg>\t\t\t\t\t<\/a>\n\t\t\t\t<\/span>\n\t\t\t\t\t\t\t<span class=\"elementor-grid-item\" role=\"listitem\">\n\t\t\t\t\t<a class=\"elementor-icon elementor-social-icon elementor-social-icon-instagram elementor-repeater-item-de80bf1\" target=\"_blank\">\n\t\t\t\t\t\t<span class=\"elementor-screen-only\">Instagram<\/span>\n\t\t\t\t\t\t<svg aria-hidden=\"true\" class=\"e-font-icon-svg e-fab-instagram\" viewbox=\"0 0 448 512\" xmlns=\"http:\/\/www.w3.org\/2000\/svg\"><path d=\"M224.1 141c-63.6 0-114.9 51.3-114.9 114.9s51.3 114.9 114.9 114.9S339 319.5 339 255.9 287.7 141 224.1 141zm0 189.6c-41.1 0-74.7-33.5-74.7-74.7s33.5-74.7 74.7-74.7 74.7 33.5 74.7 74.7-33.6 74.7-74.7 74.7zm146.4-194.3c0 14.9-12 26.8-26.8 26.8-14.9 0-26.8-12-26.8-26.8s12-26.8 26.8-26.8 26.8 12 26.8 26.8zm76.1 27.2c-1.7-35.9-9.9-67.7-36.2-93.9-26.2-26.2-58-34.4-93.9-36.2-37-2.1-147.9-2.1-184.9 0-35.8 1.7-67.6 9.9-93.9 36.1s-34.4 58-36.2 93.9c-2.1 37-2.1 147.9 0 184.9 1.7 35.9 9.9 67.7 36.2 93.9s58 34.4 93.9 36.2c37 2.1 147.9 2.1 184.9 0 35.9-1.7 67.7-9.9 93.9-36.2 26.2-26.2 34.4-58 36.2-93.9 2.1-37 2.1-147.8 0-184.8zM398.8 388c-7.8 19.6-22.9 34.7-42.6 42.6-29.5 11.7-99.5 9-132.1 9s-102.7 2.6-132.1-9c-19.6-7.8-34.7-22.9-42.6-42.6-11.7-29.5-9-99.5-9-132.1s-2.6-102.7 9-132.1c7.8-19.6 22.9-34.7 42.6-42.6 29.5-11.7 99.5-9 132.1-9s102.7-2.6 132.1 9c19.6 7.8 34.7 22.9 42.6 42.6 11.7 29.5 9 99.5 9 132.1s2.7 102.7-9 132.1z\"><\/path><\/svg>\t\t\t\t\t<\/a>\n\t\t\t\t<\/span>\n\t\t\t\t\t<\/div>\n\t\t\t\t\t\t<\/div>\n\t\t\t\t<\/div>\n\t\t\t\t<\/div>\n\t\t\t\t<\/div>\n\t\t\t\t<\/div>\n\t\t\t\t\t<\/div>\n\t\t\t\t<\/div>\n\t\t\t\t<\/div>","protected":false},"excerpt":{"rendered":"<p>D\u00e9couvrez si l'agrovolta\u00efque est rentable et comment calculer votre retour sur investissement.<br \/>\ngr\u00e2ce aux revenus \u00e9nerg\u00e9tiques, aux \u00e9conomies d'\u00e9lectricit\u00e9 et \u00e0 l'am\u00e9lioration des r\u00e9coltes.<\/p>","protected":false},"author":1,"featured_media":6041,"comment_status":"closed","ping_status":"open","sticky":false,"template":"elementor_header_footer","format":"standard","meta":{"_jetpack_memberships_contains_paid_content":false,"footnotes":""},"categories":[1],"tags":[],"class_list":["post-3922","post","type-post","status-publish","format-standard","has-post-thumbnail","hentry","category-uncategorized"],"jetpack_featured_media_url":"https:\/\/www.mfrenovables.com\/wp-content\/uploads\/2025\/03\/Portada-MFR-09.webp","jetpack_sharing_enabled":true,"_links":{"self":[{"href":"https:\/\/www.mfrenovables.com\/fr\/wp-json\/wp\/v2\/posts\/3922","targetHints":{"allow":["GET"]}}],"collection":[{"href":"https:\/\/www.mfrenovables.com\/fr\/wp-json\/wp\/v2\/posts"}],"about":[{"href":"https:\/\/www.mfrenovables.com\/fr\/wp-json\/wp\/v2\/types\/post"}],"author":[{"embeddable":true,"href":"https:\/\/www.mfrenovables.com\/fr\/wp-json\/wp\/v2\/users\/1"}],"replies":[{"embeddable":true,"href":"https:\/\/www.mfrenovables.com\/fr\/wp-json\/wp\/v2\/comments?post=3922"}],"version-history":[{"count":22,"href":"https:\/\/www.mfrenovables.com\/fr\/wp-json\/wp\/v2\/posts\/3922\/revisions"}],"predecessor-version":[{"id":6053,"href":"https:\/\/www.mfrenovables.com\/fr\/wp-json\/wp\/v2\/posts\/3922\/revisions\/6053"}],"wp:featuredmedia":[{"embeddable":true,"href":"https:\/\/www.mfrenovables.com\/fr\/wp-json\/wp\/v2\/media\/6041"}],"wp:attachment":[{"href":"https:\/\/www.mfrenovables.com\/fr\/wp-json\/wp\/v2\/media?parent=3922"}],"wp:term":[{"taxonomy":"category","embeddable":true,"href":"https:\/\/www.mfrenovables.com\/fr\/wp-json\/wp\/v2\/categories?post=3922"},{"taxonomy":"post_tag","embeddable":true,"href":"https:\/\/www.mfrenovables.com\/fr\/wp-json\/wp\/v2\/tags?post=3922"}],"curies":[{"name":"wp","href":"https:\/\/api.w.org\/{rel}","templated":true}]}}