{"id":5979,"date":"2025-06-17T07:53:14","date_gmt":"2025-06-17T07:53:14","guid":{"rendered":"https:\/\/www.mfrenovables.com\/?p=5979"},"modified":"2025-07-08T11:52:29","modified_gmt":"2025-07-08T11:52:29","slug":"gestion-qualite-et-logistique-la-triade-qui-fait-fonctionner-les-energies-renouvelables-a-armature-metallique","status":"publish","type":"post","link":"https:\/\/www.mfrenovables.com\/fr\/administracion-calidad-y-logistica-la-triada-que-hace-funcionar-a-metal-frame-renovables\/","title":{"rendered":"Administration, qualit\u00e9 et logistique : la triade qui fait fonctionner Metal Frame Renovables"},"content":{"rendered":"<div data-elementor-type=\"wp-post\" data-elementor-id=\"5979\" class=\"elementor elementor-5979\" data-elementor-post-type=\"post\">\n\t\t\t\t<div class=\"elementor-element elementor-element-5fff922 e-flex e-con-boxed e-con e-parent\" data-id=\"5fff922\" data-element_type=\"container\" data-e-type=\"container\">\n\t\t\t\t\t<div class=\"e-con-inner\">\n\t\t<div class=\"elementor-element elementor-element-b133641 e-con-full e-flex e-con e-child\" data-id=\"b133641\" data-element_type=\"container\" data-e-type=\"container\">\n\t\t<div class=\"elementor-element elementor-element-b7fb82b e-con-full e-flex e-con e-child\" data-id=\"b7fb82b\" data-element_type=\"container\" data-e-type=\"container\">\n\t\t<div class=\"elementor-element elementor-element-58f1ceb e-con-full e-flex e-con e-child\" data-id=\"58f1ceb\" data-element_type=\"container\" data-e-type=\"container\">\n\t\t\t\t<div class=\"elementor-element elementor-element-20044d9 elementor-widget elementor-widget-heading\" data-id=\"20044d9\" data-element_type=\"widget\" data-e-type=\"widget\" data-widget_type=\"heading.default\">\n\t\t\t\t<div class=\"elementor-widget-container\">\n\t\t\t\t\t<h1 class=\"elementor-heading-title elementor-size-default\">Administration, qualit\u00e9 et logistique : la triade qui fait fonctionner Metal Frame\nLes \u00e9nergies renouvelables<\/h1>\t\t\t\t<\/div>\n\t\t\t\t<\/div>\n\t\t\t\t<\/div>\n\t\t\t\t<div class=\"elementor-element elementor-element-b1937f9 elementor-widget__width-inherit elementor-widget elementor-widget-image\" data-id=\"b1937f9\" data-element_type=\"widget\" data-e-type=\"widget\" data-widget_type=\"image.default\">\n\t\t\t\t<div class=\"elementor-widget-container\">\n\t\t\t\t\t\t\t\t\t\t\t\t\t\t\t<img fetchpriority=\"high\" decoding=\"async\" width=\"1163\" height=\"775\" src=\"https:\/\/www.mfrenovables.com\/wp-content\/uploads\/2025\/06\/recursos-blog-mfr6.webp\" class=\"attachment-full size-full wp-image-5992\" alt=\"\" srcset=\"https:\/\/www.mfrenovables.com\/wp-content\/uploads\/2025\/06\/recursos-blog-mfr6.webp 1163w, https:\/\/www.mfrenovables.com\/wp-content\/uploads\/2025\/06\/recursos-blog-mfr6-300x200.webp 300w, https:\/\/www.mfrenovables.com\/wp-content\/uploads\/2025\/06\/recursos-blog-mfr6-1024x682.webp 1024w, https:\/\/www.mfrenovables.com\/wp-content\/uploads\/2025\/06\/recursos-blog-mfr6-768x512.webp 768w, https:\/\/www.mfrenovables.com\/wp-content\/uploads\/2025\/06\/recursos-blog-mfr6-18x12.webp 18w, https:\/\/www.mfrenovables.com\/wp-content\/uploads\/2025\/06\/recursos-blog-mfr6-600x400.webp 600w\" sizes=\"(max-width: 1163px) 100vw, 1163px\" \/>\t\t\t\t\t\t\t\t\t\t\t\t\t\t\t<\/div>\n\t\t\t\t<\/div>\n\t\t\t\t<div class=\"elementor-element elementor-element-f91af8a elementor-widget elementor-widget-text-editor\" data-id=\"f91af8a\" data-element_type=\"widget\" data-e-type=\"widget\" data-widget_type=\"text-editor.default\">\n\t\t\t\t<div class=\"elementor-widget-container\">\n\t\t\t\t\t\t\t\t\t<p>Chez Metal Frame Renovables, chaque secteur a sa propre raison d'\u00eatre, mais il existe des d\u00e9partements<br \/>qui, en raison de leur nature transversale, deviennent la v\u00e9ritable colonne vert\u00e9brale de l'action de l'Union europ\u00e9enne.<br \/>des op\u00e9rations quotidiennes. C'est le cas du d\u00e9partement Administration, qui non seulement<br \/>organise, mais relie plut\u00f4t tous les rouages de l'entreprise, en veillant \u00e0 ce que chaque \u00e9tape du processus d'apprentissage soit respect\u00e9e.<br \/>est document\u00e9, chaque action est enregistr\u00e9e et chaque op\u00e9ration, aussi complexe soit-elle, est<br \/>continuer \u00e0 avancer.<\/p>\t\t\t\t\t\t\t\t<\/div>\n\t\t\t\t<\/div>\n\t\t<div class=\"elementor-element elementor-element-d27cb66 e-con-full e-flex e-con e-child\" data-id=\"d27cb66\" data-element_type=\"container\" data-e-type=\"container\">\n\t\t<div class=\"elementor-element elementor-element-c996f67 e-con-full elementor-hidden-desktop elementor-hidden-tablet elementor-hidden-mobile e-flex e-con e-child\" data-id=\"c996f67\" data-element_type=\"container\" data-e-type=\"container\">\n\t\t<div class=\"elementor-element elementor-element-bd71e2a e-con-full e-flex e-con e-child\" data-id=\"bd71e2a\" data-element_type=\"container\" data-e-type=\"container\">\n\t\t\t\t<div class=\"elementor-element elementor-element-c1df2b6 elementor-widget elementor-widget-image\" data-id=\"c1df2b6\" data-element_type=\"widget\" data-e-type=\"widget\" data-widget_type=\"image.default\">\n\t\t\t\t<div class=\"elementor-widget-container\">\n\t\t\t\t\t\t\t\t\t\t\t\t\t\t\t<img decoding=\"async\" src=\"https:\/\/www.mfrenovables.com\/wp-content\/uploads\/elementor\/thumbs\/Metalframe-blog2-22-r12digjul9o4dg6e4gpwikorfz2n5kp70yqdf0odhc.webp\" title=\"Cadre m\u00e9tallique blog2-22\" alt=\"Cadre m\u00e9tallique blog2-22\" loading=\"lazy\" \/>\t\t\t\t\t\t\t\t\t\t\t\t\t\t\t<\/div>\n\t\t\t\t<\/div>\n\t\t\t\t<\/div>\n\t\t<div class=\"elementor-element elementor-element-62a36e3 e-con-full e-flex e-con e-child\" data-id=\"62a36e3\" data-element_type=\"container\" data-e-type=\"container\">\n\t\t\t\t<div class=\"elementor-element elementor-element-19bad97 elementor-widget elementor-widget-heading\" data-id=\"19bad97\" data-element_type=\"widget\" data-e-type=\"widget\" data-widget_type=\"heading.default\">\n\t\t\t\t<div class=\"elementor-widget-container\">\n\t\t\t\t\t<h2 class=\"elementor-heading-title elementor-size-default\">Qu'est-ce que l'agrovolta\u00efque ?<\/h2>\t\t\t\t<\/div>\n\t\t\t\t<\/div>\n\t\t\t\t<div class=\"elementor-element elementor-element-e4d2353 elementor-widget elementor-widget-text-editor\" data-id=\"e4d2353\" data-element_type=\"widget\" data-e-type=\"widget\" data-widget_type=\"text-editor.default\">\n\t\t\t\t<div class=\"elementor-widget-container\">\n\t\t\t\t\t\t\t\t\t<p>L'agrovolta\u00efque est l'utilisation combin\u00e9e, sur une m\u00eame surface de terre, des deux types d'\u00e9nergie suivants : l'\u00e9nergie solaire et l'\u00e9nergie photovolta\u00efque.<br \/>pour la production agricole, en tant qu'utilisation principale, ainsi que pour la production de<br \/>de l'\u00e9lectricit\u00e9 gr\u00e2ce \u00e0 un syst\u00e8me photovolta\u00efque, en tant qu'utilisation secondaire. Contrairement aux<br \/>installations photovolta\u00efques conventionnelles, ce syst\u00e8me est con\u00e7u pour<br \/>coexistent avec les cultures, ce qui est b\u00e9n\u00e9fique \u00e0 la fois pour la production et pour l'agriculture.<br \/>pour l'agriculture ainsi que pour la production d'\u00e9nergie renouvelable.<\/p>\t\t\t\t\t\t\t\t<\/div>\n\t\t\t\t<\/div>\n\t\t\t\t<div class=\"elementor-element elementor-element-1d3417c elementor-widget elementor-widget-heading\" data-id=\"1d3417c\" data-element_type=\"widget\" data-e-type=\"widget\" data-widget_type=\"heading.default\">\n\t\t\t\t<div class=\"elementor-widget-container\">\n\t\t\t\t\t<h2 class=\"elementor-heading-title elementor-size-default\">Comment cela fonctionne-t-il ?<\/h2>\t\t\t\t<\/div>\n\t\t\t\t<\/div>\n\t\t\t\t<div class=\"elementor-element elementor-element-947f64d elementor-widget elementor-widget-text-editor\" data-id=\"947f64d\" data-element_type=\"widget\" data-e-type=\"widget\" data-widget_type=\"text-editor.default\">\n\t\t\t\t<div class=\"elementor-widget-container\">\n\t\t\t\t\t\t\t\t\t<p>Les modules photovolta\u00efques sont install\u00e9s \u00e0 une hauteur et selon une orientation qui permettent la production d'\u00e9lectricit\u00e9.<br \/>une lumi\u00e8re suffisante pour que les cultures se d\u00e9veloppent correctement.<br \/>En outre, certains syst\u00e8mes peuvent inclure des suiveurs solaires qui optimisent le rendement de l'\u00e9nergie solaire.<br \/>sans compromettre la photosynth\u00e8se des plantes.<\/p>\t\t\t\t\t\t\t\t<\/div>\n\t\t\t\t<\/div>\n\t\t\t\t<\/div>\n\t\t\t\t<\/div>\n\t\t<div class=\"elementor-element elementor-element-05ace62 e-con-full e-flex e-con e-child\" data-id=\"05ace62\" data-element_type=\"container\" data-e-type=\"container\">\n\t\t<div class=\"elementor-element elementor-element-c7b8948 e-con-full e-flex e-con e-child\" data-id=\"c7b8948\" data-element_type=\"container\" data-e-type=\"container\">\n\t\t\t\t<div class=\"elementor-element elementor-element-81f95e8 elementor-widget elementor-widget-heading\" data-id=\"81f95e8\" data-element_type=\"widget\" data-e-type=\"widget\" data-widget_type=\"heading.default\">\n\t\t\t\t<div class=\"elementor-widget-container\">\n\t\t\t\t\t<h2 class=\"elementor-heading-title elementor-size-default\">Administration et qualit\u00e9 : un bin\u00f4me indissoluble<\/h2>\t\t\t\t<\/div>\n\t\t\t\t<\/div>\n\t\t\t\t<div class=\"elementor-element elementor-element-fc4cbd7 elementor-widget elementor-widget-text-editor\" data-id=\"fc4cbd7\" data-element_type=\"widget\" data-e-type=\"widget\" data-widget_type=\"text-editor.default\">\n\t\t\t\t<div class=\"elementor-widget-container\">\n\t\t\t\t\t\t\t\t\t<p>Dans notre organisation, nous comprenons que la gestion et la qualit\u00e9 vont de pair.<br \/>main. Si l'administration est charg\u00e9e de refl\u00e9ter dans les documents - que ce soit dans le<br \/>papier ou num\u00e9rique - \u00e0 chaque \u00e9tape, l'espace qualit\u00e9 veille \u00e0 ce que le projet soit men\u00e9 \u00e0 bien.<br \/>de veiller \u00e0 ce que cet effort quotidien soit reconnu \u00e0 l'ext\u00e9rieur par le biais<br \/>certifications cl\u00e9s. Ces certifications ne sont pas de simples cachets pour notre entreprise : elles sont<br \/>une d\u00e9claration d'intention \u00e0 nos clients, fournisseurs et organisations<br \/>qui reconnaissent le bon travail de Metal Frame Renovables. Gr\u00e2ce \u00e0 ces<br \/>Nous avons obtenu plusieurs certifications ISO qui garantissent la qualit\u00e9 de nos services.<br \/>et nous positionner comme une entreprise de r\u00e9f\u00e9rence dans le secteur de l'\u00e9nergie.<br \/>les \u00e9nergies renouvelables, qui sont :<\/p>\t\t\t\t\t\t\t\t<\/div>\n\t\t\t\t<\/div>\n\t\t\t\t<\/div>\n\t\t<div class=\"elementor-element elementor-element-f3937dd e-con-full e-flex e-con e-child\" data-id=\"f3937dd\" data-element_type=\"container\" data-e-type=\"container\">\n\t\t\t\t<div class=\"elementor-element elementor-element-15ebc70 elementor-widget elementor-widget-text-editor\" data-id=\"15ebc70\" data-element_type=\"widget\" data-e-type=\"widget\" data-widget_type=\"text-editor.default\">\n\t\t\t\t<div class=\"elementor-widget-container\">\n\t\t\t\t\t\t\t\t\t<p><strong>ISO 9001<\/strong>-Gestion de la qualit\u00e9. Veille \u00e0 ce que nos processus de conception, de calcul et de mise en \u0153uvre<br \/>La fourniture de solutions structurelles pour le secteur photovolta\u00efque r\u00e9pond \u00e0 des normes \u00e9lev\u00e9es.<br \/>des normes de qualit\u00e9, visant la satisfaction du client et l'efficacit\u00e9 op\u00e9rationnelle.<\/p><p><strong>ISO 14001<\/strong> - Gestion de l'environnement. Certifie notre engagement en faveur de la protection de l'environnement.<br \/>environnement, pr\u00e9vention de la pollution et am\u00e9lioration des performances<br \/>dans l'ensemble de nos activit\u00e9s.<\/p><p><strong>ISO 27001<\/strong> - S\u00e9curit\u00e9 de l'information. Il garantit que notre entreprise g\u00e8re<br \/>assurer de mani\u00e8re ad\u00e9quate la confidentialit\u00e9, l'int\u00e9grit\u00e9 et la disponibilit\u00e9 des informations,<br \/>garantir un environnement s\u00fbr \u00e0 nos clients et \u00e0 nos employ\u00e9s.<\/p><p><strong>ISO 20400<\/strong> - Achats durables. Reconna\u00eet que nous int\u00e9grons<br \/>la durabilit\u00e9 environnementale, sociale et \u00e9conomique dans nos processus d'achat et d'approvisionnement, en promouvant une cha\u00eene d'approvisionnement responsable.<\/p>\t\t\t\t\t\t\t\t<\/div>\n\t\t\t\t<\/div>\n\t\t\t\t<\/div>\n\t\t\t\t<\/div>\n\t\t<div class=\"elementor-element elementor-element-9fd7e50 e-con-full e-flex e-con e-child\" data-id=\"9fd7e50\" data-element_type=\"container\" data-e-type=\"container\">\n\t\t<div class=\"elementor-element elementor-element-756dc42 e-con-full e-flex e-con e-child\" data-id=\"756dc42\" data-element_type=\"container\" data-e-type=\"container\">\n\t\t\t\t<div class=\"elementor-element elementor-element-f431a4d elementor-widget elementor-widget-text-editor\" data-id=\"f431a4d\" data-element_type=\"widget\" data-e-type=\"widget\" data-widget_type=\"text-editor.default\">\n\t\t\t\t<div class=\"elementor-widget-container\">\n\t\t\t\t\t\t\t\t\t<p>Et notre ISO la plus r\u00e9cente, <strong>ISO 45001<\/strong>- Sant\u00e9 et s\u00e9curit\u00e9 au travail. Norme visant \u00e0<br \/>prot\u00e9ger les travailleurs et les visiteurs contre les accidents du travail et les maladies professionnelles.<\/p><p><br \/>Ces certifications renforcent la confiance de nos clients et partenaires, et refl\u00e8tent<br \/>notre engagement ferme en faveur de l'excellence, de la durabilit\u00e9 et de l'innovation dans toutes nos activit\u00e9s.<br \/>nos domaines d'activit\u00e9.<\/p><p><br \/>Metal Frame Renovables dispose \u00e9galement du marquage CE conform\u00e9ment \u00e0 la norme EN 1090, qui certifie que nos composants structurels en acier et en aluminium sont conformes aux exigences essentielles de s\u00e9curit\u00e9 structurelle de l'Union europ\u00e9enne.<br \/>Normes europ\u00e9ennes pour les produits de construction.<\/p><p><br \/>Ce marquage a \u00e9t\u00e9 accord\u00e9 par un organisme notifi\u00e9 (OCA Instituto de<br \/>Certification, No. 2375) apr\u00e8s avoir pass\u00e9 avec succ\u00e8s l'inspection initiale de<br \/>nos usines, le contr\u00f4le de la production et les processus d'\u00e9valuation et de v\u00e9rification.<br \/>permanent.<\/p>\t\t\t\t\t\t\t\t<\/div>\n\t\t\t\t<\/div>\n\t\t\t\t<\/div>\n\t\t<div class=\"elementor-element elementor-element-0bdc9e2 e-con-full e-flex e-con e-child\" data-id=\"0bdc9e2\" data-element_type=\"container\" data-e-type=\"container\">\n\t\t\t\t<div class=\"elementor-element elementor-element-9bd0dc7 elementor-widget elementor-widget-image\" data-id=\"9bd0dc7\" data-element_type=\"widget\" data-e-type=\"widget\" data-widget_type=\"image.default\">\n\t\t\t\t<div class=\"elementor-widget-container\">\n\t\t\t\t\t\t\t\t\t\t\t\t\t\t\t<img decoding=\"async\" width=\"800\" height=\"534\" src=\"https:\/\/www.mfrenovables.com\/wp-content\/uploads\/2025\/06\/recursos-de-blog-1024x683.webp\" class=\"attachment-large size-large wp-image-6007\" alt=\"Soluciones Integrales\" srcset=\"https:\/\/www.mfrenovables.com\/wp-content\/uploads\/2025\/06\/recursos-de-blog-1024x683.webp 1024w, https:\/\/www.mfrenovables.com\/wp-content\/uploads\/2025\/06\/recursos-de-blog-300x200.webp 300w, https:\/\/www.mfrenovables.com\/wp-content\/uploads\/2025\/06\/recursos-de-blog-768x512.webp 768w, https:\/\/www.mfrenovables.com\/wp-content\/uploads\/2025\/06\/recursos-de-blog-1536x1024.webp 1536w, https:\/\/www.mfrenovables.com\/wp-content\/uploads\/2025\/06\/recursos-de-blog-18x12.webp 18w, https:\/\/www.mfrenovables.com\/wp-content\/uploads\/2025\/06\/recursos-de-blog-600x400.webp 600w, https:\/\/www.mfrenovables.com\/wp-content\/uploads\/2025\/06\/recursos-de-blog.webp 1920w\" sizes=\"(max-width: 800px) 100vw, 800px\" \/>\t\t\t\t\t\t\t\t\t\t\t\t\t\t\t<\/div>\n\t\t\t\t<\/div>\n\t\t\t\t<\/div>\n\t\t\t\t<\/div>\n\t\t<div class=\"elementor-element elementor-element-130dd80 e-con-full e-flex e-con e-child\" data-id=\"130dd80\" data-element_type=\"container\" data-e-type=\"container\">\n\t\t<div class=\"elementor-element elementor-element-4b09dbb e-con-full e-flex e-con e-child\" data-id=\"4b09dbb\" data-element_type=\"container\" data-e-type=\"container\">\n\t\t\t\t<div class=\"elementor-element elementor-element-ec130f6 elementor-widget elementor-widget-image\" data-id=\"ec130f6\" data-element_type=\"widget\" data-e-type=\"widget\" data-widget_type=\"image.default\">\n\t\t\t\t<div class=\"elementor-widget-container\">\n\t\t\t\t\t\t\t\t\t\t\t\t\t\t\t<img decoding=\"async\" width=\"800\" height=\"534\" src=\"https:\/\/www.mfrenovables.com\/wp-content\/uploads\/2025\/06\/recursos-de-blog3-1024x683.webp\" class=\"attachment-large size-large wp-image-6009\" alt=\"\" srcset=\"https:\/\/www.mfrenovables.com\/wp-content\/uploads\/2025\/06\/recursos-de-blog3-1024x683.webp 1024w, https:\/\/www.mfrenovables.com\/wp-content\/uploads\/2025\/06\/recursos-de-blog3-300x200.webp 300w, https:\/\/www.mfrenovables.com\/wp-content\/uploads\/2025\/06\/recursos-de-blog3-768x512.webp 768w, https:\/\/www.mfrenovables.com\/wp-content\/uploads\/2025\/06\/recursos-de-blog3-1536x1024.webp 1536w, https:\/\/www.mfrenovables.com\/wp-content\/uploads\/2025\/06\/recursos-de-blog3-18x12.webp 18w, https:\/\/www.mfrenovables.com\/wp-content\/uploads\/2025\/06\/recursos-de-blog3-600x400.webp 600w, https:\/\/www.mfrenovables.com\/wp-content\/uploads\/2025\/06\/recursos-de-blog3.webp 1920w\" sizes=\"(max-width: 800px) 100vw, 800px\" \/>\t\t\t\t\t\t\t\t\t\t\t\t\t\t\t<\/div>\n\t\t\t\t<\/div>\n\t\t\t\t<\/div>\n\t\t<div class=\"elementor-element elementor-element-5bb13df e-con-full e-flex e-con e-child\" data-id=\"5bb13df\" data-element_type=\"container\" data-e-type=\"container\">\n\t\t\t\t<div class=\"elementor-element elementor-element-8e02a5d elementor-widget elementor-widget-text-editor\" data-id=\"8e02a5d\" data-element_type=\"widget\" data-e-type=\"widget\" data-widget_type=\"text-editor.default\">\n\t\t\t\t<div class=\"elementor-widget-container\">\n\t\t\t\t\t\t\t\t\t<p>Le marquage CE nous autorise \u00e0 commercialiser nos structures m\u00e9talliques dans l'espace \u00e9conomique europ\u00e9en, en garantissant :<br \/>Conformit\u00e9 aux normes europ\u00e9ennes de s\u00e9curit\u00e9 structurelle.<br \/>Le contr\u00f4le de la production en usine (FPC) est mis en \u0153uvre et fait l'objet d'un audit.<br \/>Fabrication selon les normes de qualit\u00e9 EXC1 et EXC2 (classes d'ex\u00e9cution).<br \/>Cette certification atteste de la fiabilit\u00e9, de la tra\u00e7abilit\u00e9 et de la qualit\u00e9 de nos produits.<br \/>et renforce notre positionnement en tant que fournisseur de solutions structurelles.<br \/>confiance dans les grands projets photovolta\u00efques. Gr\u00e2ce \u00e0 l'engagement, au professionnalisme<br \/>et les efforts continus de nos d\u00e9partements Administration et Qualit\u00e9, en<br \/>Metal Frame Renovables nous avons obtenu toutes les certifications ISO qui soutiennent le d\u00e9veloppement de l'entreprise.<br \/>notre syst\u00e8me de gestion, garantissant le respect des normes les plus \u00e9lev\u00e9es dans nos activit\u00e9s.<br \/>des op\u00e9rations.<\/p>\t\t\t\t\t\t\t\t<\/div>\n\t\t\t\t<\/div>\n\t\t\t\t<\/div>\n\t\t\t\t<\/div>\n\t\t<div class=\"elementor-element elementor-element-b84169e e-con-full e-flex e-con e-child\" data-id=\"b84169e\" data-element_type=\"container\" data-e-type=\"container\">\n\t\t<div class=\"elementor-element elementor-element-61a8b6f e-con-full e-flex e-con e-child\" data-id=\"61a8b6f\" data-element_type=\"container\" data-e-type=\"container\">\n\t\t\t\t<div class=\"elementor-element elementor-element-9958a91 elementor-widget elementor-widget-heading\" data-id=\"9958a91\" data-element_type=\"widget\" data-e-type=\"widget\" data-widget_type=\"heading.default\">\n\t\t\t\t<div class=\"elementor-widget-container\">\n\t\t\t\t\t<h3 class=\"elementor-heading-title elementor-size-default\">Le r\u00f4le du gouvernement d'entreprise<\/h3>\t\t\t\t<\/div>\n\t\t\t\t<\/div>\n\t\t\t\t<div class=\"elementor-element elementor-element-bbb3668 elementor-widget elementor-widget-text-editor\" data-id=\"bbb3668\" data-element_type=\"widget\" data-e-type=\"widget\" data-widget_type=\"text-editor.default\">\n\t\t\t\t<div class=\"elementor-widget-container\">\n\t\t\t\t\t\t\t\t\t<p>L'administration est le point de contact entre tous les services de l'Union europ\u00e9enne.<br \/>des zones. En tant que lien qui g\u00e8re la documentation de chaque mouvement - de la<br \/>de production, au contr\u00f4le des stocks ou \u00e0 la pr\u00e9sentation des r\u00e9sultats.<br \/>devient l'\u00e9pine dorsale qui permet de r\u00e9pondre aux normes exig\u00e9es par l'Union europ\u00e9enne.<br \/>les audits de qualit\u00e9.<br \/>Cela ne serait pas possible sans une <strong>collaboration active de toutes les \u00e9quipes<\/strong>. Les<br \/>La r\u00e9alisation des objectifs de qualit\u00e9 n'est pas une t\u00e2che isol\u00e9e du service d'assurance qualit\u00e9.<br \/>La qualit\u00e9, mais un engagement collectif. Et c'est pr\u00e9cis\u00e9ment la position<br \/>l'administration interd\u00e9partementale qui permet \u00e0 tous les d\u00e9partements de travailler ensemble dans le cadre de la strat\u00e9gie de l'Union europ\u00e9enne.<br \/>s'alignent sur ces objectifs.<br \/>Cette collaboration est possible gr\u00e2ce \u00e0 un mod\u00e8le de travail collaboratif, o\u00f9 les<br \/>l'am\u00e9lioration continue, la responsabilit\u00e9 environnementale et la s\u00e9curit\u00e9 de l'information<br \/>font partie de l'ADN de notre entreprise.<\/p>\t\t\t\t\t\t\t\t<\/div>\n\t\t\t\t<\/div>\n\t\t\t\t<\/div>\n\t\t<div class=\"elementor-element elementor-element-85b779a e-con-full e-flex e-con e-child\" data-id=\"85b779a\" data-element_type=\"container\" data-e-type=\"container\">\n\t\t\t\t<div class=\"elementor-element elementor-element-9d5f414 elementor-widget elementor-widget-image\" data-id=\"9d5f414\" data-element_type=\"widget\" data-e-type=\"widget\" data-widget_type=\"image.default\">\n\t\t\t\t<div class=\"elementor-widget-container\">\n\t\t\t\t\t\t\t\t\t\t\t\t\t\t\t<img loading=\"lazy\" decoding=\"async\" width=\"800\" height=\"534\" src=\"https:\/\/www.mfrenovables.com\/wp-content\/uploads\/2025\/06\/recursos-de-blog2-1024x683.webp\" class=\"attachment-large size-large wp-image-6008\" alt=\"\" srcset=\"https:\/\/www.mfrenovables.com\/wp-content\/uploads\/2025\/06\/recursos-de-blog2-1024x683.webp 1024w, https:\/\/www.mfrenovables.com\/wp-content\/uploads\/2025\/06\/recursos-de-blog2-300x200.webp 300w, https:\/\/www.mfrenovables.com\/wp-content\/uploads\/2025\/06\/recursos-de-blog2-768x512.webp 768w, https:\/\/www.mfrenovables.com\/wp-content\/uploads\/2025\/06\/recursos-de-blog2-1536x1024.webp 1536w, https:\/\/www.mfrenovables.com\/wp-content\/uploads\/2025\/06\/recursos-de-blog2-18x12.webp 18w, https:\/\/www.mfrenovables.com\/wp-content\/uploads\/2025\/06\/recursos-de-blog2-600x400.webp 600w, https:\/\/www.mfrenovables.com\/wp-content\/uploads\/2025\/06\/recursos-de-blog2.webp 1920w\" sizes=\"(max-width: 800px) 100vw, 800px\" \/>\t\t\t\t\t\t\t\t\t\t\t\t\t\t\t<\/div>\n\t\t\t\t<\/div>\n\t\t\t\t<\/div>\n\t\t\t\t<\/div>\n\t\t<div class=\"elementor-element elementor-element-0971ae9 e-con-full e-flex e-con e-child\" data-id=\"0971ae9\" data-element_type=\"container\" data-e-type=\"container\">\n\t\t<div class=\"elementor-element elementor-element-0a27fa9 e-con-full e-flex e-con e-child\" data-id=\"0a27fa9\" data-element_type=\"container\" data-e-type=\"container\">\n\t\t\t\t<div class=\"elementor-element elementor-element-08010c4 elementor-widget elementor-widget-heading\" data-id=\"08010c4\" data-element_type=\"widget\" data-e-type=\"widget\" data-widget_type=\"heading.default\">\n\t\t\t\t<div class=\"elementor-widget-container\">\n\t\t\t\t\t<h3 class=\"elementor-heading-title elementor-size-default\">Fiert\u00e9 d'\u00e9quipe : les certifications comme reflet des bonnes performances<\/h3>\t\t\t\t<\/div>\n\t\t\t\t<\/div>\n\t\t\t\t<div class=\"elementor-element elementor-element-4d6782c elementor-widget elementor-widget-text-editor\" data-id=\"4d6782c\" data-element_type=\"widget\" data-e-type=\"widget\" data-widget_type=\"text-editor.default\">\n\t\t\t\t<div class=\"elementor-widget-container\">\n\t\t\t\t\t\t\t\t\t<p>Dans un secteur tel que celui des \u00e9nergies renouvelables, o\u00f9 la concurrence est f\u00e9roce et o\u00f9 l'on ne peut pas se passer de l'\u00e9nergie.<br \/>se d\u00e9veloppent,<strong> les certifications repr\u00e9sentent un r\u00e9el avantage concurrentiel<\/strong>. Ils sont les<br \/>des preuves tangibles de l'engagement de l'ensemble du personnel, des op\u00e9rateurs sur le terrain jusqu'\u00e0 la direction de l'entreprise.<br \/>jusqu'\u00e0 la direction. C'est pourquoi, chez Metal Frame Renovables, nous pensons que chaque<br \/>La certification est une r\u00e9ussite commune, une source de fiert\u00e9 collective.<br \/>Ces certifications sont une reconnaissance du travail rigoureux que nous effectuons \u00e0<br \/>\u00e0 tous les niveaux de l'organisation et de consolider notre position en tant que r\u00e9f\u00e9rence dans le domaine de l'\u00e9ducation et de la formation.<br \/>conception, fabrication et fourniture de solutions structurelles pour le secteur photovolta\u00efque.<\/p>\t\t\t\t\t\t\t\t<\/div>\n\t\t\t\t<\/div>\n\t\t\t\t<\/div>\n\t\t<div class=\"elementor-element elementor-element-2243515 e-con-full e-flex e-con e-child\" data-id=\"2243515\" data-element_type=\"container\" data-e-type=\"container\">\n\t\t\t\t<div class=\"elementor-element elementor-element-abde0de elementor-widget elementor-widget-heading\" data-id=\"abde0de\" data-element_type=\"widget\" data-e-type=\"widget\" data-widget_type=\"heading.default\">\n\t\t\t\t<div class=\"elementor-widget-container\">\n\t\t\t\t\t<h3 class=\"elementor-heading-title elementor-size-default\">Logistique : la derni\u00e8re \u00e9tape, l'impact final<\/h3>\t\t\t\t<\/div>\n\t\t\t\t<\/div>\n\t\t\t\t<div class=\"elementor-element elementor-element-7e4d5c7 elementor-widget elementor-widget-text-editor\" data-id=\"7e4d5c7\" data-element_type=\"widget\" data-e-type=\"widget\" data-widget_type=\"text-editor.default\">\n\t\t\t\t<div class=\"elementor-widget-container\">\n\t\t\t\t\t\t\t\t\t<p>Le r\u00f4le de la <strong>la logistique<\/strong> est tout aussi crucial. C'est le dernier maillon du processus<br \/>productive, o\u00f9 tout d\u00e9calage peut compromettre l'exp\u00e9rience du client.<br \/>Les exigences sont donc \u00e9lev\u00e9es. La livraison pr\u00e9cise des mat\u00e9riaux et la<br \/>la coordination avec les installations sur place doit \u00eatre m\u00e9ticuleuse afin d'\u00e9viter les retards.<br \/>et de garantir la satisfaction des clients.<\/p><p>Mais notre engagement va au-del\u00e0 de l'efficacit\u00e9 op\u00e9rationnelle. <strong>Nous sommes une<\/strong><br \/><strong>entreprise soucieuse de l'environnement<\/strong> de notre activit\u00e9. Nous appliquons donc<br \/>des crit\u00e8res d'optimisation dans l'utilisation des camions, en maximisant la capacit\u00e9 de chargement et la capacit\u00e9 de stockage.<br \/>en \u00e9tablissant des itin\u00e9raires pour minimiser les \u00e9missions de carbone. Ce projet<br \/>Cette strat\u00e9gie permet non seulement de r\u00e9duire les co\u00fbts, mais aussi de renforcer notre responsabilit\u00e9 \u00e0 l'\u00e9gard de l'environnement.<br \/>l'environnement.<\/p>\t\t\t\t\t\t\t\t<\/div>\n\t\t\t\t<\/div>\n\t\t\t\t<\/div>\n\t\t\t\t<\/div>\n\t\t\t\t<div class=\"elementor-element elementor-element-ef67cf1 elementor-widget elementor-widget-text-editor\" data-id=\"ef67cf1\" data-element_type=\"widget\" data-e-type=\"widget\" data-widget_type=\"text-editor.default\">\n\t\t\t\t<div class=\"elementor-widget-container\">\n\t\t\t\t\t\t\t\t\t<p>En conclusion, Metal Frame Renovables croit fermement que le succ\u00e8s d'un projet d'investissement dans le secteur de l'\u00e9nergie est li\u00e9 \u00e0 la qualit\u00e9 de l'air et \u00e0 l'efficacit\u00e9 \u00e9nerg\u00e9tique.<br \/>L'entreprise n'est pas seulement mesur\u00e9e par ce qu'elle produit, mais aussi par la mani\u00e8re dont elle le produit. Et c'est ce qui fait la force de l'entreprise.<br \/>comprend le maintien de processus administratifs impeccables, de normes de qualit\u00e9<br \/>et une logistique qui pense au client et \u00e0 la plan\u00e8te. Car lorsque<br \/>tout cela s'aligne, il en r\u00e9sulte un produit solide, comp\u00e9titif et, surtout,<br \/>coh\u00e9rent avec ses valeurs.<\/p>\t\t\t\t\t\t\t\t<\/div>\n\t\t\t\t<\/div>\n\t\t<div class=\"elementor-element elementor-element-dd70168 e-con-full e-flex e-con e-child\" data-id=\"dd70168\" data-element_type=\"container\" data-e-type=\"container\">\n\t\t<div class=\"elementor-element elementor-element-f2c5307 e-con-full e-flex e-con e-child\" data-id=\"f2c5307\" data-element_type=\"container\" data-e-type=\"container\">\n\t\t\t\t<div class=\"elementor-element elementor-element-917f157 elementor-widget elementor-widget-button\" data-id=\"917f157\" data-element_type=\"widget\" data-e-type=\"widget\" data-widget_type=\"button.default\">\n\t\t\t\t<div class=\"elementor-widget-container\">\n\t\t\t\t\t\t\t\t\t<div class=\"elementor-button-wrapper\">\n\t\t\t\t\t<a class=\"elementor-button elementor-button-link elementor-size-sm\" href=\"mailto:info@mfrenovables.com\">\n\t\t\t\t\t\t<span class=\"elementor-button-content-wrapper\">\n\t\t\t\t\t\t\t\t\t<span class=\"elementor-button-text\">Nous contacter<\/span>\n\t\t\t\t\t<\/span>\n\t\t\t\t\t<\/a>\n\t\t\t\t<\/div>\n\t\t\t\t\t\t\t\t<\/div>\n\t\t\t\t<\/div>\n\t\t\t\t<\/div>\n\t\t\t\t<\/div>\n\t\t\t\t<\/div>\n\t\t\t\t<\/div>\n\t\t<div class=\"elementor-element elementor-element-26ff068 e-con-full e-flex e-con e-child\" data-id=\"26ff068\" data-element_type=\"container\" data-e-type=\"container\">\n\t\t<div class=\"elementor-element elementor-element-19ea515 e-con-full e-flex e-con e-child\" data-id=\"19ea515\" data-element_type=\"container\" data-e-type=\"container\" data-settings=\"{&quot;background_background&quot;:&quot;classic&quot;}\">\n\t\t\t\t<div class=\"elementor-element elementor-element-dec11fc elementor-widget elementor-widget-heading\" data-id=\"dec11fc\" data-element_type=\"widget\" data-e-type=\"widget\" data-widget_type=\"heading.default\">\n\t\t\t\t<div class=\"elementor-widget-container\">\n\t\t\t\t\t<h2 class=\"elementor-heading-title elementor-size-default\">Cat\u00e9gories<\/h2>\t\t\t\t<\/div>\n\t\t\t\t<\/div>\n\t\t\t\t<div class=\"elementor-element elementor-element-7348cf6 elementor-icon-list--layout-traditional elementor-list-item-link-full_width elementor-widget elementor-widget-icon-list\" data-id=\"7348cf6\" data-element_type=\"widget\" data-e-type=\"widget\" data-widget_type=\"icon-list.default\">\n\t\t\t\t<div class=\"elementor-widget-container\">\n\t\t\t\t\t\t\t<ul class=\"elementor-icon-list-items\">\n\t\t\t\t\t\t\t<li class=\"elementor-icon-list-item\">\n\t\t\t\t\t\t\t\t\t\t\t<span class=\"elementor-icon-list-icon\">\n\t\t\t\t\t\t\t<svg aria-hidden=\"true\" class=\"e-font-icon-svg e-far-folder\" viewbox=\"0 0 512 512\" xmlns=\"http:\/\/www.w3.org\/2000\/svg\"><path d=\"M464 128H272l-54.63-54.63c-6-6-14.14-9.37-22.63-9.37H48C21.49 64 0 85.49 0 112v288c0 26.51 21.49 48 48 48h416c26.51 0 48-21.49 48-48V176c0-26.51-21.49-48-48-48zm0 272H48V112h140.12l54.63 54.63c6 6 14.14 9.37 22.63 9.37H464v224z\"><\/path><\/svg>\t\t\t\t\t\t<\/span>\n\t\t\t\t\t\t\t\t\t\t<span class=\"elementor-icon-list-text\">Agrovolta\u00efque<\/span>\n\t\t\t\t\t\t\t\t\t<\/li>\n\t\t\t\t\t\t\t\t<li class=\"elementor-icon-list-item\">\n\t\t\t\t\t\t\t\t\t\t\t<span class=\"elementor-icon-list-icon\">\n\t\t\t\t\t\t\t<svg aria-hidden=\"true\" class=\"e-font-icon-svg e-far-folder\" viewbox=\"0 0 512 512\" xmlns=\"http:\/\/www.w3.org\/2000\/svg\"><path d=\"M464 128H272l-54.63-54.63c-6-6-14.14-9.37-22.63-9.37H48C21.49 64 0 85.49 0 112v288c0 26.51 21.49 48 48 48h416c26.51 0 48-21.49 48-48V176c0-26.51-21.49-48-48-48zm0 272H48V112h140.12l54.63 54.63c6 6 14.14 9.37 22.63 9.37H464v224z\"><\/path><\/svg>\t\t\t\t\t\t<\/span>\n\t\t\t\t\t\t\t\t\t\t<span class=\"elementor-icon-list-text\">Stationnement et marquage<\/span>\n\t\t\t\t\t\t\t\t\t<\/li>\n\t\t\t\t\t\t\t\t<li class=\"elementor-icon-list-item\">\n\t\t\t\t\t\t\t\t\t\t\t<span class=\"elementor-icon-list-icon\">\n\t\t\t\t\t\t\t<svg aria-hidden=\"true\" class=\"e-font-icon-svg e-far-folder\" viewbox=\"0 0 512 512\" xmlns=\"http:\/\/www.w3.org\/2000\/svg\"><path d=\"M464 128H272l-54.63-54.63c-6-6-14.14-9.37-22.63-9.37H48C21.49 64 0 85.49 0 112v288c0 26.51 21.49 48 48 48h416c26.51 0 48-21.49 48-48V176c0-26.51-21.49-48-48-48zm0 272H48V112h140.12l54.63 54.63c6 6 14.14 9.37 22.63 9.37H464v224z\"><\/path><\/svg>\t\t\t\t\t\t<\/span>\n\t\t\t\t\t\t\t\t\t\t<span class=\"elementor-icon-list-text\">Foires<\/span>\n\t\t\t\t\t\t\t\t\t<\/li>\n\t\t\t\t\t\t<\/ul>\n\t\t\t\t\t\t<\/div>\n\t\t\t\t<\/div>\n\t\t\t\t<\/div>\n\t\t<div class=\"elementor-element elementor-element-eb2c368 e-con-full e-flex e-con e-child\" data-id=\"eb2c368\" data-element_type=\"container\" data-e-type=\"container\" data-settings=\"{&quot;background_background&quot;:&quot;classic&quot;}\">\n\t\t\t\t<div class=\"elementor-element elementor-element-f0411ad elementor-grid-1 elementor-grid-tablet-2 elementor-grid-mobile-1 elementor-posts--thumbnail-top elementor-widget elementor-widget-posts\" data-id=\"f0411ad\" data-element_type=\"widget\" data-e-type=\"widget\" data-settings=\"{&quot;classic_columns&quot;:&quot;1&quot;,&quot;classic_columns_tablet&quot;:&quot;2&quot;,&quot;classic_columns_mobile&quot;:&quot;1&quot;,&quot;classic_row_gap&quot;:{&quot;unit&quot;:&quot;px&quot;,&quot;size&quot;:35,&quot;sizes&quot;:[]},&quot;classic_row_gap_tablet&quot;:{&quot;unit&quot;:&quot;px&quot;,&quot;size&quot;:&quot;&quot;,&quot;sizes&quot;:[]},&quot;classic_row_gap_mobile&quot;:{&quot;unit&quot;:&quot;px&quot;,&quot;size&quot;:&quot;&quot;,&quot;sizes&quot;:[]}}\" data-widget_type=\"posts.classic\">\n\t\t\t\t<div class=\"elementor-widget-container\">\n\t\t\t\t\t\t\t<div class=\"elementor-posts-container elementor-posts elementor-posts--skin-classic elementor-grid\" role=\"list\">\n\t\t\t\t<article class=\"elementor-post elementor-grid-item post-9893 post type-post status-publish format-standard has-post-thumbnail hentry category-noticias-del-sector category-uncategorized\" role=\"listitem\">\n\t\t\t\t<a class=\"elementor-post__thumbnail__link\" href=\"https:\/\/www.mfrenovables.com\/fr\/5-novedades-metal-frame\/\" tabindex=\"-1\" >\n\t\t\t<div class=\"elementor-post__thumbnail\"><img loading=\"lazy\" decoding=\"async\" width=\"800\" height=\"450\" src=\"https:\/\/www.mfrenovables.com\/wp-content\/uploads\/2026\/04\/novedades_mfr-1024x576.webp\" class=\"attachment-large size-large wp-image-9895\" alt=\"\" srcset=\"https:\/\/www.mfrenovables.com\/wp-content\/uploads\/2026\/04\/novedades_mfr-1024x576.webp 1024w, https:\/\/www.mfrenovables.com\/wp-content\/uploads\/2026\/04\/novedades_mfr-300x169.webp 300w, https:\/\/www.mfrenovables.com\/wp-content\/uploads\/2026\/04\/novedades_mfr-768x432.webp 768w, https:\/\/www.mfrenovables.com\/wp-content\/uploads\/2026\/04\/novedades_mfr-1536x864.webp 1536w, https:\/\/www.mfrenovables.com\/wp-content\/uploads\/2026\/04\/novedades_mfr-18x10.webp 18w, https:\/\/www.mfrenovables.com\/wp-content\/uploads\/2026\/04\/novedades_mfr.webp 1920w\" sizes=\"(max-width: 800px) 100vw, 800px\" \/><\/div>\n\t\t<\/a>\n\t\t\t\t<div class=\"elementor-post__text\">\n\t\t\t\t<h3 class=\"elementor-post__title\">\n\t\t\t<a href=\"https:\/\/www.mfrenovables.com\/fr\/5-novedades-metal-frame\/\" >\n\t\t\t\t5 novedades de Metal Frame Renovables: MFPARK, Kits Cubierta, MFBLOCK y nuevos lastres\t\t\t<\/a>\n\t\t<\/h3>\n\t\t\t\t<div class=\"elementor-post__meta-data\">\n\t\t\t\t\t<span class=\"elementor-post-date\">\n\t\t\tavril 21, 2026\t\t<\/span>\n\t\t\t\t<span class=\"elementor-post-avatar\">\n\t\t\tAucun commentaire\t\t<\/span>\n\t\t\t\t<\/div>\n\t\t\n\t\t<a class=\"elementor-post__read-more\" href=\"https:\/\/www.mfrenovables.com\/fr\/5-novedades-metal-frame\/\" aria-label=\"En savoir plus sur 5 novedades de Metal Frame Renovables: MFPARK, Kits Cubierta, MFBLOCK y nuevos lastres\" tabindex=\"-1\" >\n\t\t\tLire la suite \u00bb\t\t<\/a>\n\n\t\t\t\t<\/div>\n\t\t\t\t<\/article>\n\t\t\t\t<article class=\"elementor-post elementor-grid-item post-9571 post type-post status-publish format-standard has-post-thumbnail hentry category-noticias-del-sector\" role=\"listitem\">\n\t\t\t\t<a class=\"elementor-post__thumbnail__link\" href=\"https:\/\/www.mfrenovables.com\/fr\/metal-frame-renovables-uno-de-los-patrocinadores-de-la-maraton-zurich-10k-ciudad-de-don-benito-2026\/\" tabindex=\"-1\" >\n\t\t\t<div class=\"elementor-post__thumbnail\"><img loading=\"lazy\" decoding=\"async\" width=\"800\" height=\"720\" src=\"https:\/\/www.mfrenovables.com\/wp-content\/uploads\/2026\/03\/4.webp\" class=\"attachment-large size-large wp-image-9582\" alt=\"\" srcset=\"https:\/\/www.mfrenovables.com\/wp-content\/uploads\/2026\/03\/4.webp 901w, https:\/\/www.mfrenovables.com\/wp-content\/uploads\/2026\/03\/4-300x270.webp 300w, https:\/\/www.mfrenovables.com\/wp-content\/uploads\/2026\/03\/4-768x691.webp 768w, https:\/\/www.mfrenovables.com\/wp-content\/uploads\/2026\/03\/4-13x12.webp 13w\" sizes=\"(max-width: 800px) 100vw, 800px\" \/><\/div>\n\t\t<\/a>\n\t\t\t\t<div class=\"elementor-post__text\">\n\t\t\t\t<h3 class=\"elementor-post__title\">\n\t\t\t<a href=\"https:\/\/www.mfrenovables.com\/fr\/metal-frame-renovables-uno-de-los-patrocinadores-de-la-maraton-zurich-10k-ciudad-de-don-benito-2026\/\" >\n\t\t\t\tMetal Frame Renovables uno de los patrocinadores de la marat\u00f3n Zurich 10K Ciudad de Don Benito 2026\t\t\t<\/a>\n\t\t<\/h3>\n\t\t\t\t<div class=\"elementor-post__meta-data\">\n\t\t\t\t\t<span class=\"elementor-post-date\">\n\t\t\tmars 23, 2026\t\t<\/span>\n\t\t\t\t<span class=\"elementor-post-avatar\">\n\t\t\tAucun commentaire\t\t<\/span>\n\t\t\t\t<\/div>\n\t\t\n\t\t<a class=\"elementor-post__read-more\" href=\"https:\/\/www.mfrenovables.com\/fr\/metal-frame-renovables-uno-de-los-patrocinadores-de-la-maraton-zurich-10k-ciudad-de-don-benito-2026\/\" aria-label=\"En savoir plus sur Metal Frame Renovables uno de los patrocinadores de la marat\u00f3n Zurich 10K Ciudad de Don Benito 2026\" tabindex=\"-1\" >\n\t\t\tLire la suite \u00bb\t\t<\/a>\n\n\t\t\t\t<\/div>\n\t\t\t\t<\/article>\n\t\t\t\t<article class=\"elementor-post elementor-grid-item post-9432 post type-post status-publish format-standard has-post-thumbnail hentry category-noticias-del-sector\" role=\"listitem\">\n\t\t\t\t<a class=\"elementor-post__thumbnail__link\" href=\"https:\/\/www.mfrenovables.com\/fr\/mf-renovables-cb-al-qazeres-solidaridad-banco-alimentos-2\/\" tabindex=\"-1\" >\n\t\t\t<div class=\"elementor-post__thumbnail\"><img loading=\"lazy\" decoding=\"async\" width=\"593\" height=\"596\" src=\"https:\/\/www.mfrenovables.com\/wp-content\/uploads\/2026\/03\/1-2-2.webp\" class=\"attachment-large size-large wp-image-9428\" alt=\"\" srcset=\"https:\/\/www.mfrenovables.com\/wp-content\/uploads\/2026\/03\/1-2-2.webp 593w, https:\/\/www.mfrenovables.com\/wp-content\/uploads\/2026\/03\/1-2-2-298x300.webp 298w, https:\/\/www.mfrenovables.com\/wp-content\/uploads\/2026\/03\/1-2-2-150x150.webp 150w, https:\/\/www.mfrenovables.com\/wp-content\/uploads\/2026\/03\/1-2-2-12x12.webp 12w\" sizes=\"(max-width: 593px) 100vw, 593px\" \/><\/div>\n\t\t<\/a>\n\t\t\t\t<div class=\"elementor-post__text\">\n\t\t\t\t<h3 class=\"elementor-post__title\">\n\t\t\t<a href=\"https:\/\/www.mfrenovables.com\/fr\/mf-renovables-cb-al-qazeres-solidaridad-banco-alimentos-2\/\" >\n\t\t\t\tMF Renovables CB Al-Q\u00e1zeres participa en un partido solidario a favor del Banco de Alimentos de C\u00e1ceres\t\t\t<\/a>\n\t\t<\/h3>\n\t\t\t\t<div class=\"elementor-post__meta-data\">\n\t\t\t\t\t<span class=\"elementor-post-date\">\n\t\t\tmars 18, 2026\t\t<\/span>\n\t\t\t\t<span class=\"elementor-post-avatar\">\n\t\t\tAucun commentaire\t\t<\/span>\n\t\t\t\t<\/div>\n\t\t\n\t\t<a class=\"elementor-post__read-more\" href=\"https:\/\/www.mfrenovables.com\/fr\/mf-renovables-cb-al-qazeres-solidaridad-banco-alimentos-2\/\" aria-label=\"En savoir plus sur MF Renovables CB Al-Q\u00e1zeres participa en un partido solidario a favor del Banco de Alimentos de C\u00e1ceres\" tabindex=\"-1\" >\n\t\t\tLire la suite \u00bb\t\t<\/a>\n\n\t\t\t\t<\/div>\n\t\t\t\t<\/article>\n\t\t\t\t<article class=\"elementor-post elementor-grid-item post-9280 post type-post status-publish format-standard has-post-thumbnail hentry category-noticias-del-sector\" role=\"listitem\">\n\t\t\t\t<a class=\"elementor-post__thumbnail__link\" href=\"https:\/\/www.mfrenovables.com\/fr\/carrera-solidaria-para-el-parkinson\/\" tabindex=\"-1\" >\n\t\t\t<div class=\"elementor-post__thumbnail\"><img loading=\"lazy\" decoding=\"async\" width=\"800\" height=\"448\" src=\"https:\/\/www.mfrenovables.com\/wp-content\/uploads\/2026\/03\/vii-carrera-solidaria4-1024x574.webp\" class=\"attachment-large size-large wp-image-9283\" alt=\"\" srcset=\"https:\/\/www.mfrenovables.com\/wp-content\/uploads\/2026\/03\/vii-carrera-solidaria4-1024x574.webp 1024w, https:\/\/www.mfrenovables.com\/wp-content\/uploads\/2026\/03\/vii-carrera-solidaria4-300x168.webp 300w, https:\/\/www.mfrenovables.com\/wp-content\/uploads\/2026\/03\/vii-carrera-solidaria4-768x431.webp 768w, https:\/\/www.mfrenovables.com\/wp-content\/uploads\/2026\/03\/vii-carrera-solidaria4-18x10.webp 18w, https:\/\/www.mfrenovables.com\/wp-content\/uploads\/2026\/03\/vii-carrera-solidaria4.webp 1312w\" sizes=\"(max-width: 800px) 100vw, 800px\" \/><\/div>\n\t\t<\/a>\n\t\t\t\t<div class=\"elementor-post__text\">\n\t\t\t\t<h3 class=\"elementor-post__title\">\n\t\t\t<a href=\"https:\/\/www.mfrenovables.com\/fr\/carrera-solidaria-para-el-parkinson\/\" >\n\t\t\t\tCarrera solidaria para el Parkinson | Metal Frame corre por una causa solidaria\t\t\t<\/a>\n\t\t<\/h3>\n\t\t\t\t<div class=\"elementor-post__meta-data\">\n\t\t\t\t\t<span class=\"elementor-post-date\">\n\t\t\tmars 16, 2026\t\t<\/span>\n\t\t\t\t<span class=\"elementor-post-avatar\">\n\t\t\tAucun commentaire\t\t<\/span>\n\t\t\t\t<\/div>\n\t\t\n\t\t<a class=\"elementor-post__read-more\" href=\"https:\/\/www.mfrenovables.com\/fr\/carrera-solidaria-para-el-parkinson\/\" aria-label=\"En savoir plus sur Carrera solidaria para el Parkinson | Metal Frame corre por una causa solidaria\" tabindex=\"-1\" >\n\t\t\tLire la suite \u00bb\t\t<\/a>\n\n\t\t\t\t<\/div>\n\t\t\t\t<\/article>\n\t\t\t\t<article class=\"elementor-post elementor-grid-item post-8896 post type-post status-publish format-standard hentry category-uncategorized\" role=\"listitem\">\n\t\t\t\t<div class=\"elementor-post__text\">\n\t\t\t\t<h3 class=\"elementor-post__title\">\n\t\t\t<a href=\"https:\/\/www.mfrenovables.com\/fr\/soluciones-inclinadas-en-cubiertas-lastradas-con-bordillos-mfblock\/\" >\n\t\t\t\tSoluciones Inclinadas en Cubiertas Lastradas con Bordillos MFBLOCK\t\t\t<\/a>\n\t\t<\/h3>\n\t\t\t\t<div class=\"elementor-post__meta-data\">\n\t\t\t\t\t<span class=\"elementor-post-date\">\n\t\t\tf\u00e9vrier 24, 2026\t\t<\/span>\n\t\t\t\t<span class=\"elementor-post-avatar\">\n\t\t\tAucun commentaire\t\t<\/span>\n\t\t\t\t<\/div>\n\t\t\n\t\t<a class=\"elementor-post__read-more\" href=\"https:\/\/www.mfrenovables.com\/fr\/soluciones-inclinadas-en-cubiertas-lastradas-con-bordillos-mfblock\/\" aria-label=\"En savoir plus sur Soluciones Inclinadas en Cubiertas Lastradas con Bordillos MFBLOCK\" tabindex=\"-1\" >\n\t\t\tLire la suite \u00bb\t\t<\/a>\n\n\t\t\t\t<\/div>\n\t\t\t\t<\/article>\n\t\t\t\t<article class=\"elementor-post elementor-grid-item post-8891 post type-post status-publish format-standard hentry category-uncategorized\" role=\"listitem\">\n\t\t\t\t<div class=\"elementor-post__text\">\n\t\t\t\t<h3 class=\"elementor-post__title\">\n\t\t\t<a href=\"https:\/\/www.mfrenovables.com\/fr\/solucione\/\" >\n\t\t\t\tSolucione\t\t\t<\/a>\n\t\t<\/h3>\n\t\t\t\t<div class=\"elementor-post__meta-data\">\n\t\t\t\t\t<span class=\"elementor-post-date\">\n\t\t\tf\u00e9vrier 24, 2026\t\t<\/span>\n\t\t\t\t<span class=\"elementor-post-avatar\">\n\t\t\tAucun commentaire\t\t<\/span>\n\t\t\t\t<\/div>\n\t\t\n\t\t<a class=\"elementor-post__read-more\" href=\"https:\/\/www.mfrenovables.com\/fr\/solucione\/\" aria-label=\"En savoir plus sur Solucione\" tabindex=\"-1\" >\n\t\t\tLire la suite \u00bb\t\t<\/a>\n\n\t\t\t\t<\/div>\n\t\t\t\t<\/article>\n\t\t\t\t<\/div>\n\t\t\n\t\t\t\t\t\t<\/div>\n\t\t\t\t<\/div>\n\t\t\t\t<\/div>\n\t\t<div class=\"elementor-element elementor-element-4c0a28a e-con-full elementor-hidden-desktop elementor-hidden-tablet elementor-hidden-mobile e-flex e-con e-child\" data-id=\"4c0a28a\" data-element_type=\"container\" data-e-type=\"container\" data-settings=\"{&quot;background_background&quot;:&quot;classic&quot;}\">\n\t\t\t\t<div class=\"elementor-element elementor-element-368f5d1 elementor-widget elementor-widget-heading\" data-id=\"368f5d1\" data-element_type=\"widget\" data-e-type=\"widget\" data-widget_type=\"heading.default\">\n\t\t\t\t<div class=\"elementor-widget-container\">\n\t\t\t\t\t<h2 class=\"elementor-heading-title elementor-size-default\">Partager<\/h2>\t\t\t\t<\/div>\n\t\t\t\t<\/div>\n\t\t\t\t<div class=\"elementor-element elementor-element-4bbd266 elementor-shape-circle e-grid-align-left elementor-grid-0 elementor-widget elementor-widget-social-icons\" data-id=\"4bbd266\" data-element_type=\"widget\" data-e-type=\"widget\" data-widget_type=\"social-icons.default\">\n\t\t\t\t<div class=\"elementor-widget-container\">\n\t\t\t\t\t\t\t<div class=\"elementor-social-icons-wrapper elementor-grid\" role=\"list\">\n\t\t\t\t\t\t\t<span class=\"elementor-grid-item\" role=\"listitem\">\n\t\t\t\t\t<a class=\"elementor-icon elementor-social-icon elementor-social-icon-facebook elementor-repeater-item-71e6d24\" target=\"_blank\">\n\t\t\t\t\t\t<span class=\"elementor-screen-only\">Facebook<\/span>\n\t\t\t\t\t\t<svg aria-hidden=\"true\" class=\"e-font-icon-svg e-fab-facebook\" viewbox=\"0 0 512 512\" xmlns=\"http:\/\/www.w3.org\/2000\/svg\"><path d=\"M504 256C504 119 393 8 256 8S8 119 8 256c0 123.78 90.69 226.38 209.25 245V327.69h-63V256h63v-54.64c0-62.15 37-96.48 93.67-96.48 27.14 0 55.52 4.84 55.52 4.84v61h-31.28c-30.8 0-40.41 19.12-40.41 38.73V256h68.78l-11 71.69h-57.78V501C413.31 482.38 504 379.78 504 256z\"><\/path><\/svg>\t\t\t\t\t<\/a>\n\t\t\t\t<\/span>\n\t\t\t\t\t\t\t<span class=\"elementor-grid-item\" role=\"listitem\">\n\t\t\t\t\t<a class=\"elementor-icon elementor-social-icon elementor-social-icon-twitter elementor-repeater-item-12db72f\" target=\"_blank\">\n\t\t\t\t\t\t<span class=\"elementor-screen-only\">Twitter<\/span>\n\t\t\t\t\t\t<svg aria-hidden=\"true\" class=\"e-font-icon-svg e-fab-twitter\" viewbox=\"0 0 512 512\" xmlns=\"http:\/\/www.w3.org\/2000\/svg\"><path d=\"M459.37 151.716c.325 4.548.325 9.097.325 13.645 0 138.72-105.583 298.558-298.558 298.558-59.452 0-114.68-17.219-161.137-47.106 8.447.974 16.568 1.299 25.34 1.299 49.055 0 94.213-16.568 130.274-44.832-46.132-.975-84.792-31.188-98.112-72.772 6.498.974 12.995 1.624 19.818 1.624 9.421 0 18.843-1.3 27.614-3.573-48.081-9.747-84.143-51.98-84.143-102.985v-1.299c13.969 7.797 30.214 12.67 47.431 13.319-28.264-18.843-46.781-51.005-46.781-87.391 0-19.492 5.197-37.36 14.294-52.954 51.655 63.675 129.3 105.258 216.365 109.807-1.624-7.797-2.599-15.918-2.599-24.04 0-57.828 46.782-104.934 104.934-104.934 30.213 0 57.502 12.67 76.67 33.137 23.715-4.548 46.456-13.32 66.599-25.34-7.798 24.366-24.366 44.833-46.132 57.827 21.117-2.273 41.584-8.122 60.426-16.243-14.292 20.791-32.161 39.308-52.628 54.253z\"><\/path><\/svg>\t\t\t\t\t<\/a>\n\t\t\t\t<\/span>\n\t\t\t\t\t\t\t<span class=\"elementor-grid-item\" role=\"listitem\">\n\t\t\t\t\t<a class=\"elementor-icon elementor-social-icon elementor-social-icon-linkedin elementor-repeater-item-2ba4709\" target=\"_blank\">\n\t\t\t\t\t\t<span class=\"elementor-screen-only\">Linkedin<\/span>\n\t\t\t\t\t\t<svg aria-hidden=\"true\" class=\"e-font-icon-svg e-fab-linkedin\" viewbox=\"0 0 448 512\" xmlns=\"http:\/\/www.w3.org\/2000\/svg\"><path d=\"M416 32H31.9C14.3 32 0 46.5 0 64.3v383.4C0 465.5 14.3 480 31.9 480H416c17.6 0 32-14.5 32-32.3V64.3c0-17.8-14.4-32.3-32-32.3zM135.4 416H69V202.2h66.5V416zm-33.2-243c-21.3 0-38.5-17.3-38.5-38.5S80.9 96 102.2 96c21.2 0 38.5 17.3 38.5 38.5 0 21.3-17.2 38.5-38.5 38.5zm282.1 243h-66.4V312c0-24.8-.5-56.7-34.5-56.7-34.6 0-39.9 27-39.9 54.9V416h-66.4V202.2h63.7v29.2h.9c8.9-16.8 30.6-34.5 62.9-34.5 67.2 0 79.7 44.3 79.7 101.9V416z\"><\/path><\/svg>\t\t\t\t\t<\/a>\n\t\t\t\t<\/span>\n\t\t\t\t\t\t\t<span class=\"elementor-grid-item\" role=\"listitem\">\n\t\t\t\t\t<a class=\"elementor-icon elementor-social-icon elementor-social-icon-instagram elementor-repeater-item-de80bf1\" target=\"_blank\">\n\t\t\t\t\t\t<span class=\"elementor-screen-only\">Instagram<\/span>\n\t\t\t\t\t\t<svg aria-hidden=\"true\" class=\"e-font-icon-svg e-fab-instagram\" viewbox=\"0 0 448 512\" xmlns=\"http:\/\/www.w3.org\/2000\/svg\"><path d=\"M224.1 141c-63.6 0-114.9 51.3-114.9 114.9s51.3 114.9 114.9 114.9S339 319.5 339 255.9 287.7 141 224.1 141zm0 189.6c-41.1 0-74.7-33.5-74.7-74.7s33.5-74.7 74.7-74.7 74.7 33.5 74.7 74.7-33.6 74.7-74.7 74.7zm146.4-194.3c0 14.9-12 26.8-26.8 26.8-14.9 0-26.8-12-26.8-26.8s12-26.8 26.8-26.8 26.8 12 26.8 26.8zm76.1 27.2c-1.7-35.9-9.9-67.7-36.2-93.9-26.2-26.2-58-34.4-93.9-36.2-37-2.1-147.9-2.1-184.9 0-35.8 1.7-67.6 9.9-93.9 36.1s-34.4 58-36.2 93.9c-2.1 37-2.1 147.9 0 184.9 1.7 35.9 9.9 67.7 36.2 93.9s58 34.4 93.9 36.2c37 2.1 147.9 2.1 184.9 0 35.9-1.7 67.7-9.9 93.9-36.2 26.2-26.2 34.4-58 36.2-93.9 2.1-37 2.1-147.8 0-184.8zM398.8 388c-7.8 19.6-22.9 34.7-42.6 42.6-29.5 11.7-99.5 9-132.1 9s-102.7 2.6-132.1-9c-19.6-7.8-34.7-22.9-42.6-42.6-11.7-29.5-9-99.5-9-132.1s-2.6-102.7 9-132.1c7.8-19.6 22.9-34.7 42.6-42.6 29.5-11.7 99.5-9 132.1-9s102.7-2.6 132.1 9c19.6 7.8 34.7 22.9 42.6 42.6 11.7 29.5 9 99.5 9 132.1s2.7 102.7-9 132.1z\"><\/path><\/svg>\t\t\t\t\t<\/a>\n\t\t\t\t<\/span>\n\t\t\t\t\t<\/div>\n\t\t\t\t\t\t<\/div>\n\t\t\t\t<\/div>\n\t\t\t\t<\/div>\n\t\t\t\t<\/div>\n\t\t\t\t<\/div>\n\t\t\t\t\t<\/div>\n\t\t\t\t<\/div>\n\t\t\t\t<\/div>","protected":false},"excerpt":{"rendered":"<p>Chez Metal Frame Renovables, chaque secteur a sa propre raison d'\u00eatre, mais il existe des d\u00e9partements<br \/>\nqui, en raison de leur nature transversale, deviennent la v\u00e9ritable colonne vert\u00e9brale de l'action de l'Union europ\u00e9enne.<br \/>\nfonctionnement quotidien.<\/p>","protected":false},"author":1,"featured_media":5992,"comment_status":"closed","ping_status":"open","sticky":false,"template":"elementor_header_footer","format":"standard","meta":{"_jetpack_memberships_contains_paid_content":false,"footnotes":""},"categories":[1],"tags":[],"class_list":["post-5979","post","type-post","status-publish","format-standard","has-post-thumbnail","hentry","category-uncategorized"],"jetpack_featured_media_url":"https:\/\/www.mfrenovables.com\/wp-content\/uploads\/2025\/06\/recursos-blog-mfr6.webp","jetpack_sharing_enabled":true,"_links":{"self":[{"href":"https:\/\/www.mfrenovables.com\/fr\/wp-json\/wp\/v2\/posts\/5979","targetHints":{"allow":["GET"]}}],"collection":[{"href":"https:\/\/www.mfrenovables.com\/fr\/wp-json\/wp\/v2\/posts"}],"about":[{"href":"https:\/\/www.mfrenovables.com\/fr\/wp-json\/wp\/v2\/types\/post"}],"author":[{"embeddable":true,"href":"https:\/\/www.mfrenovables.com\/fr\/wp-json\/wp\/v2\/users\/1"}],"replies":[{"embeddable":true,"href":"https:\/\/www.mfrenovables.com\/fr\/wp-json\/wp\/v2\/comments?post=5979"}],"version-history":[{"count":26,"href":"https:\/\/www.mfrenovables.com\/fr\/wp-json\/wp\/v2\/posts\/5979\/revisions"}],"predecessor-version":[{"id":6019,"href":"https:\/\/www.mfrenovables.com\/fr\/wp-json\/wp\/v2\/posts\/5979\/revisions\/6019"}],"wp:featuredmedia":[{"embeddable":true,"href":"https:\/\/www.mfrenovables.com\/fr\/wp-json\/wp\/v2\/media\/5992"}],"wp:attachment":[{"href":"https:\/\/www.mfrenovables.com\/fr\/wp-json\/wp\/v2\/media?parent=5979"}],"wp:term":[{"taxonomy":"category","embeddable":true,"href":"https:\/\/www.mfrenovables.com\/fr\/wp-json\/wp\/v2\/categories?post=5979"},{"taxonomy":"post_tag","embeddable":true,"href":"https:\/\/www.mfrenovables.com\/fr\/wp-json\/wp\/v2\/tags?post=5979"}],"curies":[{"name":"wp","href":"https:\/\/api.w.org\/{rel}","templated":true}]}}