{"id":904,"date":"2025-01-10T10:36:27","date_gmt":"2025-01-10T10:36:27","guid":{"rendered":"https:\/\/www.mfrenovables.com\/?p=904"},"modified":"2025-07-14T11:35:24","modified_gmt":"2025-07-14T11:35:24","slug":"genera-2024-tout-ce-quil-faut-savoir-sur-le-salon-phare-des-energies-renouvelables","status":"publish","type":"post","link":"https:\/\/www.mfrenovables.com\/fr\/genera-2024-todo-lo-que-debes-saber-sobre-la-feria-lider-en-energias-renovables\/","title":{"rendered":"GENERA 2024 : \u2018Tout ce qu'il faut savoir sur le salon leader des \u00e9nergies renouvelables\u2019."},"content":{"rendered":"<div data-elementor-type=\"wp-post\" data-elementor-id=\"904\" class=\"elementor elementor-904\" data-elementor-post-type=\"post\">\n\t\t\t\t<div class=\"elementor-element elementor-element-bb2970a e-flex e-con-boxed e-con e-parent\" data-id=\"bb2970a\" data-element_type=\"container\" data-e-type=\"container\">\n\t\t\t\t\t<div class=\"e-con-inner\">\n\t\t<div class=\"elementor-element elementor-element-cd79b64 e-con-full e-flex e-con e-child\" data-id=\"cd79b64\" data-element_type=\"container\" data-e-type=\"container\">\n\t\t<div class=\"elementor-element elementor-element-b4b2658 e-con-full e-flex e-con e-child\" data-id=\"b4b2658\" data-element_type=\"container\" data-e-type=\"container\">\n\t\t<div class=\"elementor-element elementor-element-8e48f7e e-con-full e-flex e-con e-child\" data-id=\"8e48f7e\" data-element_type=\"container\" data-e-type=\"container\">\n\t\t\t\t<div class=\"elementor-element elementor-element-11c1dc5 elementor-widget elementor-widget-heading\" data-id=\"11c1dc5\" data-element_type=\"widget\" data-e-type=\"widget\" data-widget_type=\"heading.default\">\n\t\t\t\t<div class=\"elementor-widget-container\">\n\t\t\t\t\t<h1 class=\"elementor-heading-title elementor-size-default\">GENERA 2024 : \u2018Tout ce qu'il faut savoir sur le salon leader des \u00e9nergies renouvelables\u2019.<\/h1>\t\t\t\t<\/div>\n\t\t\t\t<\/div>\n\t\t\t\t<\/div>\n\t\t\t\t<div class=\"elementor-element elementor-element-92104a1 elementor-widget__width-inherit elementor-widget elementor-widget-image\" data-id=\"92104a1\" data-element_type=\"widget\" data-e-type=\"widget\" data-widget_type=\"image.default\">\n\t\t\t\t<div class=\"elementor-widget-container\">\n\t\t\t\t\t\t\t\t\t\t\t\t\t\t\t<img fetchpriority=\"high\" decoding=\"async\" width=\"1920\" height=\"1080\" src=\"https:\/\/www.mfrenovables.com\/wp-content\/uploads\/2025\/01\/1-2.png\" class=\"attachment-full size-full wp-image-905\" alt=\"\" srcset=\"https:\/\/www.mfrenovables.com\/wp-content\/uploads\/2025\/01\/1-2.png 1920w, https:\/\/www.mfrenovables.com\/wp-content\/uploads\/2025\/01\/1-2-600x338.png 600w, https:\/\/www.mfrenovables.com\/wp-content\/uploads\/2025\/01\/1-2-300x169.png 300w, https:\/\/www.mfrenovables.com\/wp-content\/uploads\/2025\/01\/1-2-1024x576.png 1024w, https:\/\/www.mfrenovables.com\/wp-content\/uploads\/2025\/01\/1-2-768x432.png 768w, https:\/\/www.mfrenovables.com\/wp-content\/uploads\/2025\/01\/1-2-1536x864.png 1536w\" sizes=\"(max-width: 1920px) 100vw, 1920px\" \/>\t\t\t\t\t\t\t\t\t\t\t\t\t\t\t<\/div>\n\t\t\t\t<\/div>\n\t\t<div class=\"elementor-element elementor-element-47e2038 e-con-full e-flex e-con e-child\" data-id=\"47e2038\" data-element_type=\"container\" data-e-type=\"container\">\n\t\t<div class=\"elementor-element elementor-element-8d2e894 e-con-full elementor-hidden-desktop elementor-hidden-tablet elementor-hidden-mobile e-flex e-con e-child\" data-id=\"8d2e894\" data-element_type=\"container\" data-e-type=\"container\">\n\t\t<div class=\"elementor-element elementor-element-51c9a9c e-con-full e-flex e-con e-child\" data-id=\"51c9a9c\" data-element_type=\"container\" data-e-type=\"container\">\n\t\t\t\t<div class=\"elementor-element elementor-element-c0f7a23 elementor-widget elementor-widget-image\" data-id=\"c0f7a23\" data-element_type=\"widget\" data-e-type=\"widget\" data-widget_type=\"image.default\">\n\t\t\t\t<div class=\"elementor-widget-container\">\n\t\t\t\t\t\t\t\t\t\t\t\t\t\t\t<img decoding=\"async\" src=\"https:\/\/www.mfrenovables.com\/wp-content\/uploads\/elementor\/thumbs\/Metalframe-blog2-22-r12digjul9o4dg6e4gpwikorfz2n5kp70yqdf0odhc.webp\" title=\"Cadre m\u00e9tallique blog2-22\" alt=\"Cadre m\u00e9tallique blog2-22\" loading=\"lazy\" \/>\t\t\t\t\t\t\t\t\t\t\t\t\t\t\t<\/div>\n\t\t\t\t<\/div>\n\t\t\t\t<\/div>\n\t\t<div class=\"elementor-element elementor-element-db742e9 e-con-full e-flex e-con e-child\" data-id=\"db742e9\" data-element_type=\"container\" data-e-type=\"container\">\n\t\t\t\t<div class=\"elementor-element elementor-element-a5abd37 elementor-widget elementor-widget-heading\" data-id=\"a5abd37\" data-element_type=\"widget\" data-e-type=\"widget\" data-widget_type=\"heading.default\">\n\t\t\t\t<div class=\"elementor-widget-container\">\n\t\t\t\t\t<h2 class=\"elementor-heading-title elementor-size-default\">Qu'est-ce que l'agrovolta\u00efque ?<\/h2>\t\t\t\t<\/div>\n\t\t\t\t<\/div>\n\t\t\t\t<div class=\"elementor-element elementor-element-277decb elementor-widget elementor-widget-text-editor\" data-id=\"277decb\" data-element_type=\"widget\" data-e-type=\"widget\" data-widget_type=\"text-editor.default\">\n\t\t\t\t<div class=\"elementor-widget-container\">\n\t\t\t\t\t\t\t\t\t<p>L'agrovolta\u00efque est l'utilisation combin\u00e9e, sur une m\u00eame surface de terre, des deux types d'\u00e9nergie suivants : l'\u00e9nergie solaire et l'\u00e9nergie photovolta\u00efque.<br \/>pour la production agricole, en tant qu'utilisation principale, ainsi que pour la production de<br \/>de l'\u00e9lectricit\u00e9 gr\u00e2ce \u00e0 un syst\u00e8me photovolta\u00efque, en tant qu'utilisation secondaire. Contrairement aux<br \/>installations photovolta\u00efques conventionnelles, ce syst\u00e8me est con\u00e7u pour<br \/>coexistent avec les cultures, ce qui est b\u00e9n\u00e9fique \u00e0 la fois pour la production et pour l'agriculture.<br \/>pour l'agriculture ainsi que pour la production d'\u00e9nergie renouvelable.<\/p>\t\t\t\t\t\t\t\t<\/div>\n\t\t\t\t<\/div>\n\t\t\t\t<div class=\"elementor-element elementor-element-bcfb147 elementor-widget elementor-widget-heading\" data-id=\"bcfb147\" data-element_type=\"widget\" data-e-type=\"widget\" data-widget_type=\"heading.default\">\n\t\t\t\t<div class=\"elementor-widget-container\">\n\t\t\t\t\t<h2 class=\"elementor-heading-title elementor-size-default\">Comment cela fonctionne-t-il ?<\/h2>\t\t\t\t<\/div>\n\t\t\t\t<\/div>\n\t\t\t\t<div class=\"elementor-element elementor-element-44f71bb elementor-widget elementor-widget-text-editor\" data-id=\"44f71bb\" data-element_type=\"widget\" data-e-type=\"widget\" data-widget_type=\"text-editor.default\">\n\t\t\t\t<div class=\"elementor-widget-container\">\n\t\t\t\t\t\t\t\t\t<p>Les modules photovolta\u00efques sont install\u00e9s \u00e0 une hauteur et selon une orientation qui permettent la production d'\u00e9lectricit\u00e9.<br \/>une lumi\u00e8re suffisante pour que les cultures se d\u00e9veloppent correctement.<br \/>En outre, certains syst\u00e8mes peuvent inclure des suiveurs solaires qui optimisent le rendement de l'\u00e9nergie solaire.<br \/>sans compromettre la photosynth\u00e8se des plantes.<\/p>\t\t\t\t\t\t\t\t<\/div>\n\t\t\t\t<\/div>\n\t\t\t\t<\/div>\n\t\t\t\t<\/div>\n\t\t<div class=\"elementor-element elementor-element-3893e18 e-con-full e-flex e-con e-child\" data-id=\"3893e18\" data-element_type=\"container\" data-e-type=\"container\">\n\t\t<div class=\"elementor-element elementor-element-7267c41 e-con-full e-flex e-con e-child\" data-id=\"7267c41\" data-element_type=\"container\" data-e-type=\"container\">\n\t\t\t\t<div class=\"elementor-element elementor-element-277e14d elementor-widget elementor-widget-text-editor\" data-id=\"277e14d\" data-element_type=\"widget\" data-e-type=\"widget\" data-widget_type=\"text-editor.default\">\n\t\t\t\t<div class=\"elementor-widget-container\">\n\t\t\t\t\t\t\t\t\t<p>La foire <strong>G\u00e9n\u00e9ration 2024<\/strong>, Le principal \u00e9v\u00e9nement consacr\u00e9 aux \u00e9nergies renouvelables et au d\u00e9veloppement durable se tient \u00e0 Madrid, consolidant ainsi sa position de point de rencontre cl\u00e9 pour les professionnels et les entreprises du secteur des \u00e9nergies renouvelables. L'\u00e9v\u00e9nement rassemble des experts, des innovateurs et des leaders de l'industrie pour explorer les derni\u00e8res tendances en mati\u00e8re d'\u00e9nergie solaire, \u00e9olienne, de stockage de l'\u00e9nergie et de solutions durables.<\/p><p>L'accent est mis sur la transition \u00e9nerg\u00e9tique et la lutte contre le changement climatique, <strong>G\u00e9n\u00e9ration 2024<\/strong> est un \u00e9v\u00e9nement incontournable pour ceux qui souhaitent \u00eatre \u00e0 la pointe des technologies vertes et profiter des possibilit\u00e9s de mise en r\u00e9seau.<\/p><p>Metal Frame Renovables participe \u00e0 Genera depuis quatre g\u00e9n\u00e9rations en tant qu'exposant o\u00f9 nous pr\u00e9sentons nos derniers syst\u00e8mes structurels pour modules photovolta\u00efques. Nous invitons tous les participants au salon Genera 2025 \u00e0 nous rendre visite et \u00e0 d\u00e9couvrir comment nous contribuons au d\u00e9veloppement d'un avenir plus durable.<\/p><p>Lors de cette nouvelle \u00e9dition de la foire Genera 24, nous avons repr\u00e9sent\u00e9 les <strong>Agrovolta\u00efque<\/strong> comme un acteur cl\u00e9 de l'avenir des \u00e9nergies renouvelables. Cette technique combine la production d'\u00e9nergie solaire et l'utilisation efficace des terres agricoles. Notre \u00e9quipe \u00e9tait pr\u00e9sente pour fournir des informations d\u00e9taill\u00e9es et promouvoir cette solution comme une alternative durable pour les agriculteurs et les entreprises du secteur de l'\u00e9nergie.<\/p><p>Beaucoup d'entre vous se demandent peut-\u00eatre ce qu'est l'agrovolta\u00efque. Nous vous encourageons \u00e0 consulter notre article sur l'Agrovolta\u00efque.<\/p>\t\t\t\t\t\t\t\t<\/div>\n\t\t\t\t<\/div>\n\t\t\t\t<\/div>\n\t\t<div class=\"elementor-element elementor-element-60357c6 e-con-full e-flex e-con e-child\" data-id=\"60357c6\" data-element_type=\"container\" data-e-type=\"container\">\n\t\t\t\t<div class=\"elementor-element elementor-element-438df53 elementor-widget elementor-widget-image\" data-id=\"438df53\" data-element_type=\"widget\" data-e-type=\"widget\" data-widget_type=\"image.default\">\n\t\t\t\t<div class=\"elementor-widget-container\">\n\t\t\t\t\t\t\t\t\t\t\t\t\t\t\t<img decoding=\"async\" width=\"800\" height=\"630\" src=\"https:\/\/www.mfrenovables.com\/wp-content\/uploads\/2025\/01\/2-1024x807.jpeg\" class=\"attachment-large size-large wp-image-907\" alt=\"\" srcset=\"https:\/\/www.mfrenovables.com\/wp-content\/uploads\/2025\/01\/2-1024x807.jpeg 1024w, https:\/\/www.mfrenovables.com\/wp-content\/uploads\/2025\/01\/2-600x473.jpeg 600w, https:\/\/www.mfrenovables.com\/wp-content\/uploads\/2025\/01\/2-300x236.jpeg 300w, https:\/\/www.mfrenovables.com\/wp-content\/uploads\/2025\/01\/2-768x605.jpeg 768w, https:\/\/www.mfrenovables.com\/wp-content\/uploads\/2025\/01\/2.jpeg 1080w\" sizes=\"(max-width: 800px) 100vw, 800px\" \/>\t\t\t\t\t\t\t\t\t\t\t\t\t\t\t<\/div>\n\t\t\t\t<\/div>\n\t\t\t\t<\/div>\n\t\t\t\t<\/div>\n\t\t<div class=\"elementor-element elementor-element-fd45f80 e-con-full elementor-hidden-desktop elementor-hidden-tablet elementor-hidden-mobile e-flex e-con e-child\" data-id=\"fd45f80\" data-element_type=\"container\" data-e-type=\"container\">\n\t\t<div class=\"elementor-element elementor-element-326fd0a e-con-full e-flex e-con e-child\" data-id=\"326fd0a\" data-element_type=\"container\" data-e-type=\"container\">\n\t\t\t\t<div class=\"elementor-element elementor-element-cfaf980 elementor-widget elementor-widget-image\" data-id=\"cfaf980\" data-element_type=\"widget\" data-e-type=\"widget\" data-widget_type=\"image.default\">\n\t\t\t\t<div class=\"elementor-widget-container\">\n\t\t\t\t\t\t\t\t\t\t\t\t\t\t\t<img decoding=\"async\" width=\"701\" height=\"1024\" src=\"https:\/\/www.mfrenovables.com\/wp-content\/uploads\/2025\/02\/Metalframe-blog2-20-701x1024.webp\" class=\"attachment-large size-large wp-image-3971\" alt=\"\" srcset=\"https:\/\/www.mfrenovables.com\/wp-content\/uploads\/2025\/02\/Metalframe-blog2-20-701x1024.webp 701w, https:\/\/www.mfrenovables.com\/wp-content\/uploads\/2025\/02\/Metalframe-blog2-20-205x300.webp 205w, https:\/\/www.mfrenovables.com\/wp-content\/uploads\/2025\/02\/Metalframe-blog2-20-768x1122.webp 768w, https:\/\/www.mfrenovables.com\/wp-content\/uploads\/2025\/02\/Metalframe-blog2-20-600x876.webp 600w, https:\/\/www.mfrenovables.com\/wp-content\/uploads\/2025\/02\/Metalframe-blog2-20.webp 801w\" sizes=\"(max-width: 701px) 100vw, 701px\" \/>\t\t\t\t\t\t\t\t\t\t\t\t\t\t\t<\/div>\n\t\t\t\t<\/div>\n\t\t\t\t<\/div>\n\t\t<div class=\"elementor-element elementor-element-8ba522e e-con-full e-flex e-con e-child\" data-id=\"8ba522e\" data-element_type=\"container\" data-e-type=\"container\">\n\t\t\t\t<div class=\"elementor-element elementor-element-921f8da elementor-widget elementor-widget-heading\" data-id=\"921f8da\" data-element_type=\"widget\" data-e-type=\"widget\" data-widget_type=\"heading.default\">\n\t\t\t\t<div class=\"elementor-widget-container\">\n\t\t\t\t\t<h2 class=\"elementor-heading-title elementor-size-default\">Exemples d'agrovolta\u00efque en action<\/h2>\t\t\t\t<\/div>\n\t\t\t\t<\/div>\n\t\t\t\t<div class=\"elementor-element elementor-element-c57c7db elementor-widget elementor-widget-text-editor\" data-id=\"c57c7db\" data-element_type=\"widget\" data-e-type=\"widget\" data-widget_type=\"text-editor.default\">\n\t\t\t\t<div class=\"elementor-widget-container\">\n\t\t\t\t\t\t\t\t\t<p>Des projets ont \u00e9t\u00e9 mis en \u0153uvre dans des r\u00e9gions telles que Castille et L\u00e9on et Badajoz.<br \/>les syst\u00e8mes agrovolta\u00efques qui combinent des champs de cultures tels que les c\u00e9r\u00e9ales, les oliviers et les vignobles avec des syst\u00e8mes d'alimentation \u00e9lectrique.<br \/>modules photovolta\u00efques. En France, des recherches sont \u00e9galement men\u00e9es sur l'utilisation de l'\u00e9nergie solaire.<br \/>sur la mani\u00e8re d'optimiser les rendements de cultures sp\u00e9cifiques dans des syst\u00e8mes sp\u00e9cifiques.<br \/>agrovolta\u00efque.<br \/>Par exemple, un projet r\u00e9cent en Murcie \u00e9value l'effet des modules<br \/>photovolta\u00efque sur les l\u00e9gumes et les plantes aromatiques.<br \/>Dans ce type de projet, les avantages environnementaux et \u00e9conomiques ne sont pas les seuls \u00e0 \u00eatre obtenus,<br \/>mais g\u00e9n\u00e8re \u00e9galement des connaissances essentielles pour le d\u00e9veloppement futur de la technologie.<\/p>\t\t\t\t\t\t\t\t<\/div>\n\t\t\t\t<\/div>\n\t\t\t\t<\/div>\n\t\t\t\t<\/div>\n\t\t<div class=\"elementor-element elementor-element-57a37a0 e-con-full elementor-hidden-desktop elementor-hidden-tablet elementor-hidden-mobile e-flex e-con e-child\" data-id=\"57a37a0\" data-element_type=\"container\" data-e-type=\"container\">\n\t\t<div class=\"elementor-element elementor-element-d1992e8 e-con-full e-flex e-con e-child\" data-id=\"d1992e8\" data-element_type=\"container\" data-e-type=\"container\">\n\t\t\t\t<div class=\"elementor-element elementor-element-9d4cd83 elementor-widget elementor-widget-heading\" data-id=\"9d4cd83\" data-element_type=\"widget\" data-e-type=\"widget\" data-widget_type=\"heading.default\">\n\t\t\t\t<div class=\"elementor-widget-container\">\n\t\t\t\t\t<h2 class=\"elementor-heading-title elementor-size-default\">Pourquoi l'agrovolta\u00efque gagne-t-elle en popularit\u00e9 ?<\/h2>\t\t\t\t<\/div>\n\t\t\t\t<\/div>\n\t\t\t\t<div class=\"elementor-element elementor-element-e435db5 elementor-widget elementor-widget-text-editor\" data-id=\"e435db5\" data-element_type=\"widget\" data-e-type=\"widget\" data-widget_type=\"text-editor.default\">\n\t\t\t\t<div class=\"elementor-widget-container\">\n\t\t\t\t\t\t\t\t\t<p>Les pr\u00e9occupations croissantes en mati\u00e8re de d\u00e9veloppement durable et de changement climatique ont conduit \u00e0 l'\u00e9laboration d'un plan d'action pour le d\u00e9veloppement durable.<br \/>de nombreux pays \u00e0 rechercher des moyens novateurs d'optimiser l'utilisation des sols et \u00e0<br \/>la diversification des sources d'\u00e9nergie. Dans ce contexte, l'agrovolta\u00efque appara\u00eet comme une alternative \u00e0 l'\u00e9nergie solaire.<br \/>solution id\u00e9ale, car elle contribue non seulement \u00e0 la d\u00e9carbonisation du syst\u00e8me \u00e9nerg\u00e9tique, mais aussi \u00e0 la r\u00e9duction des \u00e9missions de gaz \u00e0 effet de serre.<br \/>et la r\u00e9duction des \u00e9missions de carbone, mais permet \u00e9galement une utilisation plus efficace des ressources.<br \/>une gestion efficace des sols, ce qui contribue \u00e0 renforcer la s\u00e9curit\u00e9 alimentaire sans compromettre l'environnement.<br \/>la production d'\u00e9nergie renouvelable.<br \/>Dans des pays comme le Japon, l'Italie, l'Allemagne et la France, cette technologie progresse.<br \/>En Espagne, cependant, le potentiel est \u00e9norme en raison de l'importance de la population.<br \/>L'\u00e9tendue des terres agricoles et le niveau \u00e9lev\u00e9 du rayonnement solaire ne s'arr\u00eatent cependant pas \u00e0 la fronti\u00e8re entre les deux pays.<br \/>de d\u00e9coller parce que nous n'avons pas de d\u00e9finition ou de r\u00e9glementation de la marche en avant.<br \/>de cette technologie.<\/p>\t\t\t\t\t\t\t\t<\/div>\n\t\t\t\t<\/div>\n\t\t\t\t<\/div>\n\t\t<div class=\"elementor-element elementor-element-7090b81 e-con-full e-flex e-con e-child\" data-id=\"7090b81\" data-element_type=\"container\" data-e-type=\"container\">\n\t\t\t\t<div class=\"elementor-element elementor-element-2904f17 elementor-widget elementor-widget-text-editor\" data-id=\"2904f17\" data-element_type=\"widget\" data-e-type=\"widget\" data-widget_type=\"text-editor.default\">\n\t\t\t\t<div class=\"elementor-widget-container\">\n\t\t\t\t\t\t\t\t\t<p>L'agrovolta\u00efque n'est pas une simple tendance passag\u00e8re, c'est une technologie qui existe.<br \/>de rester et d'\u00e9voluer. Sa capacit\u00e9 \u00e0 combiner la production alimentaire avec<br \/>et de l'\u00e9nergie en fait un acteur cl\u00e9 pour relever les d\u00e9fis du changement climatique.<br \/>et la s\u00e9curit\u00e9 alimentaire. Dans les prochaines publications, nous examinerons plus en d\u00e9tail<br \/>des d\u00e9tails sur son fonctionnement, ses applications pratiques et son impact sur l'\u00e9conomie europ\u00e9enne.<br \/>les communaut\u00e9s rurales.<\/p>\t\t\t\t\t\t\t\t<\/div>\n\t\t\t\t<\/div>\n\t\t\t\t<\/div>\n\t\t\t\t<\/div>\n\t\t<div class=\"elementor-element elementor-element-457d0e3 e-con-full elementor-hidden-desktop elementor-hidden-tablet elementor-hidden-mobile e-flex e-con e-child\" data-id=\"457d0e3\" data-element_type=\"container\" data-e-type=\"container\">\n\t\t<div class=\"elementor-element elementor-element-2e4b008 e-con-full e-flex e-con e-child\" data-id=\"2e4b008\" data-element_type=\"container\" data-e-type=\"container\">\n\t\t\t\t<div class=\"elementor-element elementor-element-6fd1720 elementor-widget elementor-widget-image\" data-id=\"6fd1720\" data-element_type=\"widget\" data-e-type=\"widget\" data-widget_type=\"image.default\">\n\t\t\t\t<div class=\"elementor-widget-container\">\n\t\t\t\t\t\t\t\t\t\t\t\t\t\t\t<img loading=\"lazy\" decoding=\"async\" width=\"701\" height=\"1024\" src=\"https:\/\/www.mfrenovables.com\/wp-content\/uploads\/2025\/02\/Metalframe-blog2-19-701x1024.webp\" class=\"attachment-large size-large wp-image-3976\" alt=\"\" srcset=\"https:\/\/www.mfrenovables.com\/wp-content\/uploads\/2025\/02\/Metalframe-blog2-19-701x1024.webp 701w, https:\/\/www.mfrenovables.com\/wp-content\/uploads\/2025\/02\/Metalframe-blog2-19-205x300.webp 205w, https:\/\/www.mfrenovables.com\/wp-content\/uploads\/2025\/02\/Metalframe-blog2-19-768x1122.webp 768w, https:\/\/www.mfrenovables.com\/wp-content\/uploads\/2025\/02\/Metalframe-blog2-19-600x876.webp 600w, https:\/\/www.mfrenovables.com\/wp-content\/uploads\/2025\/02\/Metalframe-blog2-19.webp 801w\" sizes=\"(max-width: 701px) 100vw, 701px\" \/>\t\t\t\t\t\t\t\t\t\t\t\t\t\t\t<\/div>\n\t\t\t\t<\/div>\n\t\t\t\t<\/div>\n\t\t<div class=\"elementor-element elementor-element-45af6a0 e-con-full e-flex e-con e-child\" data-id=\"45af6a0\" data-element_type=\"container\" data-e-type=\"container\">\n\t\t\t\t<div class=\"elementor-element elementor-element-394d3a4 elementor-widget elementor-widget-text-editor\" data-id=\"394d3a4\" data-element_type=\"widget\" data-e-type=\"widget\" data-widget_type=\"text-editor.default\">\n\t\t\t\t<div class=\"elementor-widget-container\">\n\t\t\t\t\t\t\t\t\t<p data-pm-slice=\"1 1 []\">L'agrovolta\u00efque n'est pas seulement une solution technologique, c'est aussi un mod\u00e8le complet pour relever les d\u00e9fis du changement climatique et promouvoir le d\u00e9veloppement durable dans les zones rurales. Sa capacit\u00e9 \u00e0 <strong>r\u00e9duire les \u00e9missions, pr\u00e9server les ressources naturelles et am\u00e9liorer l'\u00e9conomie rurale<\/strong> en fait un outil essentiel dans la lutte contre le changement climatique. Avec un soutien et un financement ad\u00e9quats des politiques publiques, son adoption peut faire une diff\u00e9rence significative au niveau mondial.<\/p><p>Dans les prochaines publications, nous \u00e9tudierons les innovations technologiques qui favorisent leur d\u00e9veloppement et les possibilit\u00e9s d'investissement pour les petits exploitants agricoles.<\/p>\t\t\t\t\t\t\t\t<\/div>\n\t\t\t\t<\/div>\n\t\t\t\t<\/div>\n\t\t\t\t<\/div>\n\t\t<div class=\"elementor-element elementor-element-608fde0 e-con-full elementor-hidden-desktop elementor-hidden-tablet elementor-hidden-mobile e-flex e-con e-child\" data-id=\"608fde0\" data-element_type=\"container\" data-e-type=\"container\">\n\t\t<div class=\"elementor-element elementor-element-b63795d e-con-full e-flex e-con e-child\" data-id=\"b63795d\" data-element_type=\"container\" data-e-type=\"container\">\n\t\t\t\t<div class=\"elementor-element elementor-element-d6a8aa0 elementor-widget elementor-widget-text-editor\" data-id=\"d6a8aa0\" data-element_type=\"widget\" data-e-type=\"widget\" data-widget_type=\"text-editor.default\">\n\t\t\t\t<div class=\"elementor-widget-container\">\n\t\t\t\t\t\t\t\t\t<p>Le <strong>agrovolta\u00efque<\/strong> ne pr\u00e9sente pas seulement l'avenir de la durabilit\u00e9 dans le secteur agricole, mais constitue \u00e9galement l'un de nos principaux engagements \u00e0 contribuer \u00e0 la transition \u00e9nerg\u00e9tique mondiale.<\/p><p>En plus de l'agrovolta\u00efque, nous avons eu l'occasion de pr\u00e9senter sur le stand de Metal Frame Renovables d'autres solutions strat\u00e9giques qui font partie de notre catalogue :<\/p><ul><li>Structure fixe : structures adapt\u00e9es aux grands terrains et aux projets qui recherchent une mise en \u0153uvre rapide et efficace, en profitant au maximum des heures d'ensoleillement.<\/li><li>Distribution de kits d'autoconsommation photovolta\u00efque : destin\u00e9s aux particuliers et aux entreprises souhaitant r\u00e9duire leurs co\u00fbts \u00e9nerg\u00e9tiques et leur empreinte carbone.<\/li><li>Autoconsommation industrielle sur les toits : des projets sur mesure pour les entreprises qui souhaitent exploiter au mieux le potentiel solaire de leurs installations.<\/li><li>Suiveurs solaires : technologie avanc\u00e9e qui optimise l'orientation des modules photovolta\u00efques, maximisant ainsi la production d'\u00e9nergie.<\/li><li>Les structures de parking photovolta\u00efques : des solutions id\u00e9ales pour combiner fonctionnalit\u00e9 et durabilit\u00e9 dans les espaces urbains et commerciaux.<\/li><\/ul><p>Ces secteurs d'activit\u00e9 refl\u00e8tent notre engagement \u00e0 offrir des solutions compl\u00e8tes adapt\u00e9es aux besoins sp\u00e9cifiques de nos clients et \u00e0 contribuer \u00e0 la transition \u00e9nerg\u00e9tique mondiale.<\/p><p>Genera est plus qu'une exposition, c'est un lieu de rencontre pour partager des connaissances, explorer des opportunit\u00e9s et \u00e9tablir des collaborations strat\u00e9giques. Cette ann\u00e9e, notre \u00e9quipe \u00e9tait pr\u00e9sente pour r\u00e9pondre aux questions, pr\u00e9senter nos projets les plus innovants et d\u00e9montrer comment nos solutions font la diff\u00e9rence dans le secteur des \u00e9nergies renouvelables.<\/p><p>La participation de Metal Frame Renovables \u00e0 Genera 2024 a \u00e9t\u00e9 un succ\u00e8s, soulignant notre engagement envers l'agrovolta\u00efque et d'autres technologies cl\u00e9s pour le d\u00e9veloppement durable. Si vous souhaitez mettre en \u0153uvre certaines de nos solutions ou en savoir plus sur nos projets, n'h\u00e9sitez pas \u00e0 nous contacter.<\/p>\t\t\t\t\t\t\t\t<\/div>\n\t\t\t\t<\/div>\n\t\t\t\t<\/div>\n\t\t\t\t<\/div>\n\t\t<div class=\"elementor-element elementor-element-49e7e45 e-con-full e-flex e-con e-child\" data-id=\"49e7e45\" data-element_type=\"container\" data-e-type=\"container\">\n\t\t<div class=\"elementor-element elementor-element-667325f e-con-full e-flex e-con e-child\" data-id=\"667325f\" data-element_type=\"container\" data-e-type=\"container\">\n\t\t\t\t<\/div>\n\t\t\t\t<\/div>\n\t\t\t\t<\/div>\n\t\t\t\t<\/div>\n\t\t<div class=\"elementor-element elementor-element-d7e2a1f e-con-full e-flex e-con e-child\" data-id=\"d7e2a1f\" data-element_type=\"container\" data-e-type=\"container\">\n\t\t<div class=\"elementor-element elementor-element-ea71a4b e-con-full e-flex e-con e-child\" data-id=\"ea71a4b\" data-element_type=\"container\" data-e-type=\"container\" data-settings=\"{&quot;background_background&quot;:&quot;classic&quot;}\">\n\t\t\t\t<div class=\"elementor-element elementor-element-ceac4de elementor-widget elementor-widget-heading\" data-id=\"ceac4de\" data-element_type=\"widget\" data-e-type=\"widget\" data-widget_type=\"heading.default\">\n\t\t\t\t<div class=\"elementor-widget-container\">\n\t\t\t\t\t<h2 class=\"elementor-heading-title elementor-size-default\">Cat\u00e9gories<\/h2>\t\t\t\t<\/div>\n\t\t\t\t<\/div>\n\t\t\t\t<div class=\"elementor-element elementor-element-ecd79f9 elementor-icon-list--layout-traditional elementor-list-item-link-full_width elementor-widget elementor-widget-icon-list\" data-id=\"ecd79f9\" data-element_type=\"widget\" data-e-type=\"widget\" data-widget_type=\"icon-list.default\">\n\t\t\t\t<div class=\"elementor-widget-container\">\n\t\t\t\t\t\t\t<ul class=\"elementor-icon-list-items\">\n\t\t\t\t\t\t\t<li class=\"elementor-icon-list-item\">\n\t\t\t\t\t\t\t\t\t\t\t<span class=\"elementor-icon-list-icon\">\n\t\t\t\t\t\t\t<svg aria-hidden=\"true\" class=\"e-font-icon-svg e-far-folder\" viewbox=\"0 0 512 512\" xmlns=\"http:\/\/www.w3.org\/2000\/svg\"><path d=\"M464 128H272l-54.63-54.63c-6-6-14.14-9.37-22.63-9.37H48C21.49 64 0 85.49 0 112v288c0 26.51 21.49 48 48 48h416c26.51 0 48-21.49 48-48V176c0-26.51-21.49-48-48-48zm0 272H48V112h140.12l54.63 54.63c6 6 14.14 9.37 22.63 9.37H464v224z\"><\/path><\/svg>\t\t\t\t\t\t<\/span>\n\t\t\t\t\t\t\t\t\t\t<span class=\"elementor-icon-list-text\">Agrovolta\u00efque<\/span>\n\t\t\t\t\t\t\t\t\t<\/li>\n\t\t\t\t\t\t\t\t<li class=\"elementor-icon-list-item\">\n\t\t\t\t\t\t\t\t\t\t\t<span class=\"elementor-icon-list-icon\">\n\t\t\t\t\t\t\t<svg aria-hidden=\"true\" class=\"e-font-icon-svg e-far-folder\" viewbox=\"0 0 512 512\" xmlns=\"http:\/\/www.w3.org\/2000\/svg\"><path d=\"M464 128H272l-54.63-54.63c-6-6-14.14-9.37-22.63-9.37H48C21.49 64 0 85.49 0 112v288c0 26.51 21.49 48 48 48h416c26.51 0 48-21.49 48-48V176c0-26.51-21.49-48-48-48zm0 272H48V112h140.12l54.63 54.63c6 6 14.14 9.37 22.63 9.37H464v224z\"><\/path><\/svg>\t\t\t\t\t\t<\/span>\n\t\t\t\t\t\t\t\t\t\t<span class=\"elementor-icon-list-text\">Stationnement et marquage<\/span>\n\t\t\t\t\t\t\t\t\t<\/li>\n\t\t\t\t\t\t\t\t<li class=\"elementor-icon-list-item\">\n\t\t\t\t\t\t\t\t\t\t\t<span class=\"elementor-icon-list-icon\">\n\t\t\t\t\t\t\t<svg aria-hidden=\"true\" class=\"e-font-icon-svg e-far-folder\" viewbox=\"0 0 512 512\" xmlns=\"http:\/\/www.w3.org\/2000\/svg\"><path d=\"M464 128H272l-54.63-54.63c-6-6-14.14-9.37-22.63-9.37H48C21.49 64 0 85.49 0 112v288c0 26.51 21.49 48 48 48h416c26.51 0 48-21.49 48-48V176c0-26.51-21.49-48-48-48zm0 272H48V112h140.12l54.63 54.63c6 6 14.14 9.37 22.63 9.37H464v224z\"><\/path><\/svg>\t\t\t\t\t\t<\/span>\n\t\t\t\t\t\t\t\t\t\t<span class=\"elementor-icon-list-text\">Foires<\/span>\n\t\t\t\t\t\t\t\t\t<\/li>\n\t\t\t\t\t\t<\/ul>\n\t\t\t\t\t\t<\/div>\n\t\t\t\t<\/div>\n\t\t\t\t<\/div>\n\t\t<div class=\"elementor-element elementor-element-13bd5e6 e-con-full e-flex e-con e-child\" data-id=\"13bd5e6\" data-element_type=\"container\" data-e-type=\"container\" data-settings=\"{&quot;background_background&quot;:&quot;classic&quot;}\">\n\t\t\t\t<div class=\"elementor-element elementor-element-ba91bc8 elementor-grid-1 elementor-grid-tablet-2 elementor-grid-mobile-1 elementor-posts--thumbnail-top elementor-widget elementor-widget-posts\" data-id=\"ba91bc8\" data-element_type=\"widget\" data-e-type=\"widget\" data-settings=\"{&quot;classic_columns&quot;:&quot;1&quot;,&quot;classic_columns_tablet&quot;:&quot;2&quot;,&quot;classic_columns_mobile&quot;:&quot;1&quot;,&quot;classic_row_gap&quot;:{&quot;unit&quot;:&quot;px&quot;,&quot;size&quot;:35,&quot;sizes&quot;:[]},&quot;classic_row_gap_tablet&quot;:{&quot;unit&quot;:&quot;px&quot;,&quot;size&quot;:&quot;&quot;,&quot;sizes&quot;:[]},&quot;classic_row_gap_mobile&quot;:{&quot;unit&quot;:&quot;px&quot;,&quot;size&quot;:&quot;&quot;,&quot;sizes&quot;:[]}}\" data-widget_type=\"posts.classic\">\n\t\t\t\t<div class=\"elementor-widget-container\">\n\t\t\t\t\t\t\t<div class=\"elementor-posts-container elementor-posts elementor-posts--skin-classic elementor-grid\" role=\"list\">\n\t\t\t\t<article class=\"elementor-post elementor-grid-item post-9893 post type-post status-publish format-standard has-post-thumbnail hentry category-noticias-del-sector category-uncategorized\" role=\"listitem\">\n\t\t\t\t<a class=\"elementor-post__thumbnail__link\" href=\"https:\/\/www.mfrenovables.com\/fr\/5-novedades-metal-frame\/\" tabindex=\"-1\" >\n\t\t\t<div class=\"elementor-post__thumbnail\"><img loading=\"lazy\" decoding=\"async\" width=\"800\" height=\"450\" src=\"https:\/\/www.mfrenovables.com\/wp-content\/uploads\/2026\/04\/novedades_mfr-1024x576.webp\" class=\"attachment-large size-large wp-image-9895\" alt=\"\" srcset=\"https:\/\/www.mfrenovables.com\/wp-content\/uploads\/2026\/04\/novedades_mfr-1024x576.webp 1024w, https:\/\/www.mfrenovables.com\/wp-content\/uploads\/2026\/04\/novedades_mfr-300x169.webp 300w, https:\/\/www.mfrenovables.com\/wp-content\/uploads\/2026\/04\/novedades_mfr-768x432.webp 768w, https:\/\/www.mfrenovables.com\/wp-content\/uploads\/2026\/04\/novedades_mfr-1536x864.webp 1536w, https:\/\/www.mfrenovables.com\/wp-content\/uploads\/2026\/04\/novedades_mfr-18x10.webp 18w, https:\/\/www.mfrenovables.com\/wp-content\/uploads\/2026\/04\/novedades_mfr.webp 1920w\" sizes=\"(max-width: 800px) 100vw, 800px\" \/><\/div>\n\t\t<\/a>\n\t\t\t\t<div class=\"elementor-post__text\">\n\t\t\t\t<h3 class=\"elementor-post__title\">\n\t\t\t<a href=\"https:\/\/www.mfrenovables.com\/fr\/5-novedades-metal-frame\/\" >\n\t\t\t\t5 novedades de Metal Frame Renovables: MFPARK, Kits Cubierta, MFBLOCK y nuevos lastres\t\t\t<\/a>\n\t\t<\/h3>\n\t\t\t\t<div class=\"elementor-post__meta-data\">\n\t\t\t\t\t<span class=\"elementor-post-date\">\n\t\t\tavril 21, 2026\t\t<\/span>\n\t\t\t\t<span class=\"elementor-post-avatar\">\n\t\t\tAucun commentaire\t\t<\/span>\n\t\t\t\t<\/div>\n\t\t\n\t\t<a class=\"elementor-post__read-more\" href=\"https:\/\/www.mfrenovables.com\/fr\/5-novedades-metal-frame\/\" aria-label=\"En savoir plus sur 5 novedades de Metal Frame Renovables: MFPARK, Kits Cubierta, MFBLOCK y nuevos lastres\" tabindex=\"-1\" >\n\t\t\tLire la suite \u00bb\t\t<\/a>\n\n\t\t\t\t<\/div>\n\t\t\t\t<\/article>\n\t\t\t\t<article class=\"elementor-post elementor-grid-item post-9571 post type-post status-publish format-standard has-post-thumbnail hentry category-noticias-del-sector\" role=\"listitem\">\n\t\t\t\t<a class=\"elementor-post__thumbnail__link\" href=\"https:\/\/www.mfrenovables.com\/fr\/metal-frame-renovables-uno-de-los-patrocinadores-de-la-maraton-zurich-10k-ciudad-de-don-benito-2026\/\" tabindex=\"-1\" >\n\t\t\t<div class=\"elementor-post__thumbnail\"><img loading=\"lazy\" decoding=\"async\" width=\"800\" height=\"720\" src=\"https:\/\/www.mfrenovables.com\/wp-content\/uploads\/2026\/03\/4.webp\" class=\"attachment-large size-large wp-image-9582\" alt=\"\" srcset=\"https:\/\/www.mfrenovables.com\/wp-content\/uploads\/2026\/03\/4.webp 901w, https:\/\/www.mfrenovables.com\/wp-content\/uploads\/2026\/03\/4-300x270.webp 300w, https:\/\/www.mfrenovables.com\/wp-content\/uploads\/2026\/03\/4-768x691.webp 768w, https:\/\/www.mfrenovables.com\/wp-content\/uploads\/2026\/03\/4-13x12.webp 13w\" sizes=\"(max-width: 800px) 100vw, 800px\" \/><\/div>\n\t\t<\/a>\n\t\t\t\t<div class=\"elementor-post__text\">\n\t\t\t\t<h3 class=\"elementor-post__title\">\n\t\t\t<a href=\"https:\/\/www.mfrenovables.com\/fr\/metal-frame-renovables-uno-de-los-patrocinadores-de-la-maraton-zurich-10k-ciudad-de-don-benito-2026\/\" >\n\t\t\t\tMetal Frame Renovables uno de los patrocinadores de la marat\u00f3n Zurich 10K Ciudad de Don Benito 2026\t\t\t<\/a>\n\t\t<\/h3>\n\t\t\t\t<div class=\"elementor-post__meta-data\">\n\t\t\t\t\t<span class=\"elementor-post-date\">\n\t\t\tmars 23, 2026\t\t<\/span>\n\t\t\t\t<span class=\"elementor-post-avatar\">\n\t\t\tAucun commentaire\t\t<\/span>\n\t\t\t\t<\/div>\n\t\t\n\t\t<a class=\"elementor-post__read-more\" href=\"https:\/\/www.mfrenovables.com\/fr\/metal-frame-renovables-uno-de-los-patrocinadores-de-la-maraton-zurich-10k-ciudad-de-don-benito-2026\/\" aria-label=\"En savoir plus sur Metal Frame Renovables uno de los patrocinadores de la marat\u00f3n Zurich 10K Ciudad de Don Benito 2026\" tabindex=\"-1\" >\n\t\t\tLire la suite \u00bb\t\t<\/a>\n\n\t\t\t\t<\/div>\n\t\t\t\t<\/article>\n\t\t\t\t<article class=\"elementor-post elementor-grid-item post-9432 post type-post status-publish format-standard has-post-thumbnail hentry category-noticias-del-sector\" role=\"listitem\">\n\t\t\t\t<a class=\"elementor-post__thumbnail__link\" href=\"https:\/\/www.mfrenovables.com\/fr\/mf-renovables-cb-al-qazeres-solidaridad-banco-alimentos-2\/\" tabindex=\"-1\" >\n\t\t\t<div class=\"elementor-post__thumbnail\"><img loading=\"lazy\" decoding=\"async\" width=\"593\" height=\"596\" src=\"https:\/\/www.mfrenovables.com\/wp-content\/uploads\/2026\/03\/1-2-2.webp\" class=\"attachment-large size-large wp-image-9428\" alt=\"\" srcset=\"https:\/\/www.mfrenovables.com\/wp-content\/uploads\/2026\/03\/1-2-2.webp 593w, https:\/\/www.mfrenovables.com\/wp-content\/uploads\/2026\/03\/1-2-2-298x300.webp 298w, https:\/\/www.mfrenovables.com\/wp-content\/uploads\/2026\/03\/1-2-2-150x150.webp 150w, https:\/\/www.mfrenovables.com\/wp-content\/uploads\/2026\/03\/1-2-2-12x12.webp 12w\" sizes=\"(max-width: 593px) 100vw, 593px\" \/><\/div>\n\t\t<\/a>\n\t\t\t\t<div class=\"elementor-post__text\">\n\t\t\t\t<h3 class=\"elementor-post__title\">\n\t\t\t<a href=\"https:\/\/www.mfrenovables.com\/fr\/mf-renovables-cb-al-qazeres-solidaridad-banco-alimentos-2\/\" >\n\t\t\t\tMF Renovables CB Al-Q\u00e1zeres participa en un partido solidario a favor del Banco de Alimentos de C\u00e1ceres\t\t\t<\/a>\n\t\t<\/h3>\n\t\t\t\t<div class=\"elementor-post__meta-data\">\n\t\t\t\t\t<span class=\"elementor-post-date\">\n\t\t\tmars 18, 2026\t\t<\/span>\n\t\t\t\t<span class=\"elementor-post-avatar\">\n\t\t\tAucun commentaire\t\t<\/span>\n\t\t\t\t<\/div>\n\t\t\n\t\t<a class=\"elementor-post__read-more\" href=\"https:\/\/www.mfrenovables.com\/fr\/mf-renovables-cb-al-qazeres-solidaridad-banco-alimentos-2\/\" aria-label=\"En savoir plus sur MF Renovables CB Al-Q\u00e1zeres participa en un partido solidario a favor del Banco de Alimentos de C\u00e1ceres\" tabindex=\"-1\" >\n\t\t\tLire la suite \u00bb\t\t<\/a>\n\n\t\t\t\t<\/div>\n\t\t\t\t<\/article>\n\t\t\t\t<article class=\"elementor-post elementor-grid-item post-9280 post type-post status-publish format-standard has-post-thumbnail hentry category-noticias-del-sector\" role=\"listitem\">\n\t\t\t\t<a class=\"elementor-post__thumbnail__link\" href=\"https:\/\/www.mfrenovables.com\/fr\/carrera-solidaria-para-el-parkinson\/\" tabindex=\"-1\" >\n\t\t\t<div class=\"elementor-post__thumbnail\"><img loading=\"lazy\" decoding=\"async\" width=\"800\" height=\"448\" src=\"https:\/\/www.mfrenovables.com\/wp-content\/uploads\/2026\/03\/vii-carrera-solidaria4-1024x574.webp\" class=\"attachment-large size-large wp-image-9283\" alt=\"\" srcset=\"https:\/\/www.mfrenovables.com\/wp-content\/uploads\/2026\/03\/vii-carrera-solidaria4-1024x574.webp 1024w, https:\/\/www.mfrenovables.com\/wp-content\/uploads\/2026\/03\/vii-carrera-solidaria4-300x168.webp 300w, https:\/\/www.mfrenovables.com\/wp-content\/uploads\/2026\/03\/vii-carrera-solidaria4-768x431.webp 768w, https:\/\/www.mfrenovables.com\/wp-content\/uploads\/2026\/03\/vii-carrera-solidaria4-18x10.webp 18w, https:\/\/www.mfrenovables.com\/wp-content\/uploads\/2026\/03\/vii-carrera-solidaria4.webp 1312w\" sizes=\"(max-width: 800px) 100vw, 800px\" \/><\/div>\n\t\t<\/a>\n\t\t\t\t<div class=\"elementor-post__text\">\n\t\t\t\t<h3 class=\"elementor-post__title\">\n\t\t\t<a href=\"https:\/\/www.mfrenovables.com\/fr\/carrera-solidaria-para-el-parkinson\/\" >\n\t\t\t\tCarrera solidaria para el Parkinson | Metal Frame corre por una causa solidaria\t\t\t<\/a>\n\t\t<\/h3>\n\t\t\t\t<div class=\"elementor-post__meta-data\">\n\t\t\t\t\t<span class=\"elementor-post-date\">\n\t\t\tmars 16, 2026\t\t<\/span>\n\t\t\t\t<span class=\"elementor-post-avatar\">\n\t\t\tAucun commentaire\t\t<\/span>\n\t\t\t\t<\/div>\n\t\t\n\t\t<a class=\"elementor-post__read-more\" href=\"https:\/\/www.mfrenovables.com\/fr\/carrera-solidaria-para-el-parkinson\/\" aria-label=\"En savoir plus sur Carrera solidaria para el Parkinson | Metal Frame corre por una causa solidaria\" tabindex=\"-1\" >\n\t\t\tLire la suite \u00bb\t\t<\/a>\n\n\t\t\t\t<\/div>\n\t\t\t\t<\/article>\n\t\t\t\t<article class=\"elementor-post elementor-grid-item post-8896 post type-post status-publish format-standard hentry category-uncategorized\" role=\"listitem\">\n\t\t\t\t<div class=\"elementor-post__text\">\n\t\t\t\t<h3 class=\"elementor-post__title\">\n\t\t\t<a href=\"https:\/\/www.mfrenovables.com\/fr\/soluciones-inclinadas-en-cubiertas-lastradas-con-bordillos-mfblock\/\" >\n\t\t\t\tSoluciones Inclinadas en Cubiertas Lastradas con Bordillos MFBLOCK\t\t\t<\/a>\n\t\t<\/h3>\n\t\t\t\t<div class=\"elementor-post__meta-data\">\n\t\t\t\t\t<span class=\"elementor-post-date\">\n\t\t\tf\u00e9vrier 24, 2026\t\t<\/span>\n\t\t\t\t<span class=\"elementor-post-avatar\">\n\t\t\tAucun commentaire\t\t<\/span>\n\t\t\t\t<\/div>\n\t\t\n\t\t<a class=\"elementor-post__read-more\" href=\"https:\/\/www.mfrenovables.com\/fr\/soluciones-inclinadas-en-cubiertas-lastradas-con-bordillos-mfblock\/\" aria-label=\"En savoir plus sur Soluciones Inclinadas en Cubiertas Lastradas con Bordillos MFBLOCK\" tabindex=\"-1\" >\n\t\t\tLire la suite \u00bb\t\t<\/a>\n\n\t\t\t\t<\/div>\n\t\t\t\t<\/article>\n\t\t\t\t<article class=\"elementor-post elementor-grid-item post-8891 post type-post status-publish format-standard hentry category-uncategorized\" role=\"listitem\">\n\t\t\t\t<div class=\"elementor-post__text\">\n\t\t\t\t<h3 class=\"elementor-post__title\">\n\t\t\t<a href=\"https:\/\/www.mfrenovables.com\/fr\/solucione\/\" >\n\t\t\t\tSolucione\t\t\t<\/a>\n\t\t<\/h3>\n\t\t\t\t<div class=\"elementor-post__meta-data\">\n\t\t\t\t\t<span class=\"elementor-post-date\">\n\t\t\tf\u00e9vrier 24, 2026\t\t<\/span>\n\t\t\t\t<span class=\"elementor-post-avatar\">\n\t\t\tAucun commentaire\t\t<\/span>\n\t\t\t\t<\/div>\n\t\t\n\t\t<a class=\"elementor-post__read-more\" href=\"https:\/\/www.mfrenovables.com\/fr\/solucione\/\" aria-label=\"En savoir plus sur Solucione\" tabindex=\"-1\" >\n\t\t\tLire la suite \u00bb\t\t<\/a>\n\n\t\t\t\t<\/div>\n\t\t\t\t<\/article>\n\t\t\t\t<\/div>\n\t\t\n\t\t\t\t\t\t<\/div>\n\t\t\t\t<\/div>\n\t\t\t\t<\/div>\n\t\t<div class=\"elementor-element elementor-element-b4288a3 e-con-full elementor-hidden-desktop elementor-hidden-tablet elementor-hidden-mobile e-flex e-con e-child\" data-id=\"b4288a3\" data-element_type=\"container\" data-e-type=\"container\" data-settings=\"{&quot;background_background&quot;:&quot;classic&quot;}\">\n\t\t\t\t<div class=\"elementor-element elementor-element-1111ee3 elementor-widget elementor-widget-heading\" data-id=\"1111ee3\" data-element_type=\"widget\" data-e-type=\"widget\" data-widget_type=\"heading.default\">\n\t\t\t\t<div class=\"elementor-widget-container\">\n\t\t\t\t\t<h2 class=\"elementor-heading-title elementor-size-default\">Partager<\/h2>\t\t\t\t<\/div>\n\t\t\t\t<\/div>\n\t\t\t\t<div class=\"elementor-element elementor-element-72098fa elementor-shape-circle e-grid-align-left elementor-grid-0 elementor-widget elementor-widget-social-icons\" data-id=\"72098fa\" data-element_type=\"widget\" data-e-type=\"widget\" data-widget_type=\"social-icons.default\">\n\t\t\t\t<div class=\"elementor-widget-container\">\n\t\t\t\t\t\t\t<div class=\"elementor-social-icons-wrapper elementor-grid\" role=\"list\">\n\t\t\t\t\t\t\t<span class=\"elementor-grid-item\" role=\"listitem\">\n\t\t\t\t\t<a class=\"elementor-icon elementor-social-icon elementor-social-icon-facebook elementor-repeater-item-71e6d24\" target=\"_blank\">\n\t\t\t\t\t\t<span class=\"elementor-screen-only\">Facebook<\/span>\n\t\t\t\t\t\t<svg aria-hidden=\"true\" class=\"e-font-icon-svg e-fab-facebook\" viewbox=\"0 0 512 512\" xmlns=\"http:\/\/www.w3.org\/2000\/svg\"><path d=\"M504 256C504 119 393 8 256 8S8 119 8 256c0 123.78 90.69 226.38 209.25 245V327.69h-63V256h63v-54.64c0-62.15 37-96.48 93.67-96.48 27.14 0 55.52 4.84 55.52 4.84v61h-31.28c-30.8 0-40.41 19.12-40.41 38.73V256h68.78l-11 71.69h-57.78V501C413.31 482.38 504 379.78 504 256z\"><\/path><\/svg>\t\t\t\t\t<\/a>\n\t\t\t\t<\/span>\n\t\t\t\t\t\t\t<span class=\"elementor-grid-item\" role=\"listitem\">\n\t\t\t\t\t<a class=\"elementor-icon elementor-social-icon elementor-social-icon-twitter elementor-repeater-item-12db72f\" target=\"_blank\">\n\t\t\t\t\t\t<span class=\"elementor-screen-only\">Twitter<\/span>\n\t\t\t\t\t\t<svg aria-hidden=\"true\" class=\"e-font-icon-svg e-fab-twitter\" viewbox=\"0 0 512 512\" xmlns=\"http:\/\/www.w3.org\/2000\/svg\"><path d=\"M459.37 151.716c.325 4.548.325 9.097.325 13.645 0 138.72-105.583 298.558-298.558 298.558-59.452 0-114.68-17.219-161.137-47.106 8.447.974 16.568 1.299 25.34 1.299 49.055 0 94.213-16.568 130.274-44.832-46.132-.975-84.792-31.188-98.112-72.772 6.498.974 12.995 1.624 19.818 1.624 9.421 0 18.843-1.3 27.614-3.573-48.081-9.747-84.143-51.98-84.143-102.985v-1.299c13.969 7.797 30.214 12.67 47.431 13.319-28.264-18.843-46.781-51.005-46.781-87.391 0-19.492 5.197-37.36 14.294-52.954 51.655 63.675 129.3 105.258 216.365 109.807-1.624-7.797-2.599-15.918-2.599-24.04 0-57.828 46.782-104.934 104.934-104.934 30.213 0 57.502 12.67 76.67 33.137 23.715-4.548 46.456-13.32 66.599-25.34-7.798 24.366-24.366 44.833-46.132 57.827 21.117-2.273 41.584-8.122 60.426-16.243-14.292 20.791-32.161 39.308-52.628 54.253z\"><\/path><\/svg>\t\t\t\t\t<\/a>\n\t\t\t\t<\/span>\n\t\t\t\t\t\t\t<span class=\"elementor-grid-item\" role=\"listitem\">\n\t\t\t\t\t<a class=\"elementor-icon elementor-social-icon elementor-social-icon-linkedin elementor-repeater-item-2ba4709\" target=\"_blank\">\n\t\t\t\t\t\t<span class=\"elementor-screen-only\">Linkedin<\/span>\n\t\t\t\t\t\t<svg aria-hidden=\"true\" class=\"e-font-icon-svg e-fab-linkedin\" viewbox=\"0 0 448 512\" xmlns=\"http:\/\/www.w3.org\/2000\/svg\"><path d=\"M416 32H31.9C14.3 32 0 46.5 0 64.3v383.4C0 465.5 14.3 480 31.9 480H416c17.6 0 32-14.5 32-32.3V64.3c0-17.8-14.4-32.3-32-32.3zM135.4 416H69V202.2h66.5V416zm-33.2-243c-21.3 0-38.5-17.3-38.5-38.5S80.9 96 102.2 96c21.2 0 38.5 17.3 38.5 38.5 0 21.3-17.2 38.5-38.5 38.5zm282.1 243h-66.4V312c0-24.8-.5-56.7-34.5-56.7-34.6 0-39.9 27-39.9 54.9V416h-66.4V202.2h63.7v29.2h.9c8.9-16.8 30.6-34.5 62.9-34.5 67.2 0 79.7 44.3 79.7 101.9V416z\"><\/path><\/svg>\t\t\t\t\t<\/a>\n\t\t\t\t<\/span>\n\t\t\t\t\t\t\t<span class=\"elementor-grid-item\" role=\"listitem\">\n\t\t\t\t\t<a class=\"elementor-icon elementor-social-icon elementor-social-icon-instagram elementor-repeater-item-de80bf1\" target=\"_blank\">\n\t\t\t\t\t\t<span class=\"elementor-screen-only\">Instagram<\/span>\n\t\t\t\t\t\t<svg aria-hidden=\"true\" class=\"e-font-icon-svg e-fab-instagram\" viewbox=\"0 0 448 512\" xmlns=\"http:\/\/www.w3.org\/2000\/svg\"><path d=\"M224.1 141c-63.6 0-114.9 51.3-114.9 114.9s51.3 114.9 114.9 114.9S339 319.5 339 255.9 287.7 141 224.1 141zm0 189.6c-41.1 0-74.7-33.5-74.7-74.7s33.5-74.7 74.7-74.7 74.7 33.5 74.7 74.7-33.6 74.7-74.7 74.7zm146.4-194.3c0 14.9-12 26.8-26.8 26.8-14.9 0-26.8-12-26.8-26.8s12-26.8 26.8-26.8 26.8 12 26.8 26.8zm76.1 27.2c-1.7-35.9-9.9-67.7-36.2-93.9-26.2-26.2-58-34.4-93.9-36.2-37-2.1-147.9-2.1-184.9 0-35.8 1.7-67.6 9.9-93.9 36.1s-34.4 58-36.2 93.9c-2.1 37-2.1 147.9 0 184.9 1.7 35.9 9.9 67.7 36.2 93.9s58 34.4 93.9 36.2c37 2.1 147.9 2.1 184.9 0 35.9-1.7 67.7-9.9 93.9-36.2 26.2-26.2 34.4-58 36.2-93.9 2.1-37 2.1-147.8 0-184.8zM398.8 388c-7.8 19.6-22.9 34.7-42.6 42.6-29.5 11.7-99.5 9-132.1 9s-102.7 2.6-132.1-9c-19.6-7.8-34.7-22.9-42.6-42.6-11.7-29.5-9-99.5-9-132.1s-2.6-102.7 9-132.1c7.8-19.6 22.9-34.7 42.6-42.6 29.5-11.7 99.5-9 132.1-9s102.7-2.6 132.1 9c19.6 7.8 34.7 22.9 42.6 42.6 11.7 29.5 9 99.5 9 132.1s2.7 102.7-9 132.1z\"><\/path><\/svg>\t\t\t\t\t<\/a>\n\t\t\t\t<\/span>\n\t\t\t\t\t<\/div>\n\t\t\t\t\t\t<\/div>\n\t\t\t\t<\/div>\n\t\t\t\t<\/div>\n\t\t\t\t<\/div>\n\t\t\t\t<\/div>\n\t\t\t\t\t<\/div>\n\t\t\t\t<\/div>\n\t\t\t\t<\/div>","protected":false},"excerpt":{"rendered":"<p>GENERA 2024 : \u2018Tout ce qu'il faut savoir sur le salon leader des \u00e9nergies renouvelables\u2019. Qu'est-ce que l'agrovolta\u00efque ? L'agrovolta\u00efque est l'utilisation combin\u00e9e de<\/p>","protected":false},"author":1,"featured_media":905,"comment_status":"closed","ping_status":"open","sticky":false,"template":"elementor_header_footer","format":"standard","meta":{"_jetpack_memberships_contains_paid_content":false,"footnotes":""},"categories":[33],"tags":[],"class_list":["post-904","post","type-post","status-publish","format-standard","has-post-thumbnail","hentry","category-noticias-del-sector"],"jetpack_featured_media_url":"https:\/\/www.mfrenovables.com\/wp-content\/uploads\/2025\/01\/1-2.png","jetpack_sharing_enabled":true,"_links":{"self":[{"href":"https:\/\/www.mfrenovables.com\/fr\/wp-json\/wp\/v2\/posts\/904","targetHints":{"allow":["GET"]}}],"collection":[{"href":"https:\/\/www.mfrenovables.com\/fr\/wp-json\/wp\/v2\/posts"}],"about":[{"href":"https:\/\/www.mfrenovables.com\/fr\/wp-json\/wp\/v2\/types\/post"}],"author":[{"embeddable":true,"href":"https:\/\/www.mfrenovables.com\/fr\/wp-json\/wp\/v2\/users\/1"}],"replies":[{"embeddable":true,"href":"https:\/\/www.mfrenovables.com\/fr\/wp-json\/wp\/v2\/comments?post=904"}],"version-history":[{"count":10,"href":"https:\/\/www.mfrenovables.com\/fr\/wp-json\/wp\/v2\/posts\/904\/revisions"}],"predecessor-version":[{"id":4696,"href":"https:\/\/www.mfrenovables.com\/fr\/wp-json\/wp\/v2\/posts\/904\/revisions\/4696"}],"wp:featuredmedia":[{"embeddable":true,"href":"https:\/\/www.mfrenovables.com\/fr\/wp-json\/wp\/v2\/media\/905"}],"wp:attachment":[{"href":"https:\/\/www.mfrenovables.com\/fr\/wp-json\/wp\/v2\/media?parent=904"}],"wp:term":[{"taxonomy":"category","embeddable":true,"href":"https:\/\/www.mfrenovables.com\/fr\/wp-json\/wp\/v2\/categories?post=904"},{"taxonomy":"post_tag","embeddable":true,"href":"https:\/\/www.mfrenovables.com\/fr\/wp-json\/wp\/v2\/tags?post=904"}],"curies":[{"name":"wp","href":"https:\/\/api.w.org\/{rel}","templated":true}]}}