{"id":5979,"date":"2025-06-17T07:53:14","date_gmt":"2025-06-17T07:53:14","guid":{"rendered":"https:\/\/www.mfrenovables.com\/?p=5979"},"modified":"2025-07-08T11:52:29","modified_gmt":"2025-07-08T11:52:29","slug":"gestao-qualidade-e-logistica-a-triade-que-faz-funcionar-as-energias-renovaveis-em-estrutura-metalica","status":"publish","type":"post","link":"https:\/\/www.mfrenovables.com\/pt\/administracion-calidad-y-logistica-la-triada-que-hace-funcionar-a-metal-frame-renovables\/","title":{"rendered":"Administra\u00e7\u00e3o, Qualidade e Log\u00edstica: a tr\u00edade que faz funcionar o Metal Frame Renovables"},"content":{"rendered":"<div data-elementor-type=\"wp-post\" data-elementor-id=\"5979\" class=\"elementor elementor-5979\" data-elementor-post-type=\"post\">\n\t\t\t\t<div class=\"elementor-element elementor-element-5fff922 e-flex e-con-boxed e-con e-parent\" data-id=\"5fff922\" data-element_type=\"container\" data-e-type=\"container\">\n\t\t\t\t\t<div class=\"e-con-inner\">\n\t\t<div class=\"elementor-element elementor-element-b133641 e-con-full e-flex e-con e-child\" data-id=\"b133641\" data-element_type=\"container\" data-e-type=\"container\">\n\t\t<div class=\"elementor-element elementor-element-b7fb82b e-con-full e-flex e-con e-child\" data-id=\"b7fb82b\" data-element_type=\"container\" data-e-type=\"container\">\n\t\t<div class=\"elementor-element elementor-element-58f1ceb e-con-full e-flex e-con e-child\" data-id=\"58f1ceb\" data-element_type=\"container\" data-e-type=\"container\">\n\t\t\t\t<div class=\"elementor-element elementor-element-20044d9 elementor-widget elementor-widget-heading\" data-id=\"20044d9\" data-element_type=\"widget\" data-e-type=\"widget\" data-widget_type=\"heading.default\">\n\t\t\t\t<div class=\"elementor-widget-container\">\n\t\t\t\t\t<h1 class=\"elementor-heading-title elementor-size-default\">Administra\u00e7\u00e3o, Qualidade e Log\u00edstica: a tr\u00edade que faz o Metal Frame funcionar\nEnergias renov\u00e1veis<\/h1>\t\t\t\t<\/div>\n\t\t\t\t<\/div>\n\t\t\t\t<\/div>\n\t\t\t\t<div class=\"elementor-element elementor-element-b1937f9 elementor-widget__width-inherit elementor-widget elementor-widget-image\" data-id=\"b1937f9\" data-element_type=\"widget\" data-e-type=\"widget\" data-widget_type=\"image.default\">\n\t\t\t\t<div class=\"elementor-widget-container\">\n\t\t\t\t\t\t\t\t\t\t\t\t\t\t\t<img fetchpriority=\"high\" decoding=\"async\" width=\"1163\" height=\"775\" src=\"https:\/\/www.mfrenovables.com\/wp-content\/uploads\/2025\/06\/recursos-blog-mfr6.webp\" class=\"attachment-full size-full wp-image-5992\" alt=\"\" srcset=\"https:\/\/www.mfrenovables.com\/wp-content\/uploads\/2025\/06\/recursos-blog-mfr6.webp 1163w, https:\/\/www.mfrenovables.com\/wp-content\/uploads\/2025\/06\/recursos-blog-mfr6-300x200.webp 300w, https:\/\/www.mfrenovables.com\/wp-content\/uploads\/2025\/06\/recursos-blog-mfr6-1024x682.webp 1024w, https:\/\/www.mfrenovables.com\/wp-content\/uploads\/2025\/06\/recursos-blog-mfr6-768x512.webp 768w, https:\/\/www.mfrenovables.com\/wp-content\/uploads\/2025\/06\/recursos-blog-mfr6-18x12.webp 18w, https:\/\/www.mfrenovables.com\/wp-content\/uploads\/2025\/06\/recursos-blog-mfr6-600x400.webp 600w\" sizes=\"(max-width: 1163px) 100vw, 1163px\" \/>\t\t\t\t\t\t\t\t\t\t\t\t\t\t\t<\/div>\n\t\t\t\t<\/div>\n\t\t\t\t<div class=\"elementor-element elementor-element-f91af8a elementor-widget elementor-widget-text-editor\" data-id=\"f91af8a\" data-element_type=\"widget\" data-e-type=\"widget\" data-widget_type=\"text-editor.default\">\n\t\t\t\t<div class=\"elementor-widget-container\">\n\t\t\t\t\t\t\t\t\t<p>Na Metal Frame Renovables, cada \u00e1rea tem o seu pr\u00f3prio objetivo, mas existem departamentos<br \/>que, devido ao seu car\u00e1cter transversal, se tornam a verdadeira espinha dorsal do<br \/>opera\u00e7\u00f5es quotidianas. \u00c9 o caso do servi\u00e7o administrativo, que n\u00e3o s\u00f3<br \/>organiza, mas antes liga todas as engrenagens da empresa, assegurando que cada passo do processo<br \/>\u00e9 documentado, cada a\u00e7\u00e3o \u00e9 registada e cada opera\u00e7\u00e3o, por mais complexa que seja, \u00e9<br \/>continuar a andar.<\/p>\t\t\t\t\t\t\t\t<\/div>\n\t\t\t\t<\/div>\n\t\t<div class=\"elementor-element elementor-element-d27cb66 e-con-full e-flex e-con e-child\" data-id=\"d27cb66\" data-element_type=\"container\" data-e-type=\"container\">\n\t\t<div class=\"elementor-element elementor-element-c996f67 e-con-full elementor-hidden-desktop elementor-hidden-tablet elementor-hidden-mobile e-flex e-con e-child\" data-id=\"c996f67\" data-element_type=\"container\" data-e-type=\"container\">\n\t\t<div class=\"elementor-element elementor-element-bd71e2a e-con-full e-flex e-con e-child\" data-id=\"bd71e2a\" data-element_type=\"container\" data-e-type=\"container\">\n\t\t\t\t<div class=\"elementor-element elementor-element-c1df2b6 elementor-widget elementor-widget-image\" data-id=\"c1df2b6\" data-element_type=\"widget\" data-e-type=\"widget\" data-widget_type=\"image.default\">\n\t\t\t\t<div class=\"elementor-widget-container\">\n\t\t\t\t\t\t\t\t\t\t\t\t\t\t\t<img decoding=\"async\" src=\"https:\/\/www.mfrenovables.com\/wp-content\/uploads\/elementor\/thumbs\/Metalframe-blog2-22-r12digjul9o4dg6e4gpwikorfz2n5kp70yqdf0odhc.webp\" title=\"Blogue Metalframe2-22\" alt=\"Blogue Metalframe2-22\" loading=\"lazy\" \/>\t\t\t\t\t\t\t\t\t\t\t\t\t\t\t<\/div>\n\t\t\t\t<\/div>\n\t\t\t\t<\/div>\n\t\t<div class=\"elementor-element elementor-element-62a36e3 e-con-full e-flex e-con e-child\" data-id=\"62a36e3\" data-element_type=\"container\" data-e-type=\"container\">\n\t\t\t\t<div class=\"elementor-element elementor-element-19bad97 elementor-widget elementor-widget-heading\" data-id=\"19bad97\" data-element_type=\"widget\" data-e-type=\"widget\" data-widget_type=\"heading.default\">\n\t\t\t\t<div class=\"elementor-widget-container\">\n\t\t\t\t\t<h2 class=\"elementor-heading-title elementor-size-default\">O que \u00e9 a agrovoltaica?<\/h2>\t\t\t\t<\/div>\n\t\t\t\t<\/div>\n\t\t\t\t<div class=\"elementor-element elementor-element-e4d2353 elementor-widget elementor-widget-text-editor\" data-id=\"e4d2353\" data-element_type=\"widget\" data-e-type=\"widget\" data-widget_type=\"text-editor.default\">\n\t\t\t\t<div class=\"elementor-widget-container\">\n\t\t\t\t\t\t\t\t\t<p>A agrovoltaica \u00e9 a utiliza\u00e7\u00e3o combinada, na mesma \u00e1rea de terreno, de<br \/>para a produ\u00e7\u00e3o agr\u00edcola, como utiliza\u00e7\u00e3o prim\u00e1ria, bem como para a produ\u00e7\u00e3o de<br \/>eletricidade atrav\u00e9s de um sistema fotovoltaico, como utiliza\u00e7\u00e3o secund\u00e1ria. Em contraste com<br \/>instala\u00e7\u00f5es fotovoltaicas convencionais, este sistema foi concebido para<br \/>coexistem com as culturas, proporcionando um benef\u00edcio m\u00fatuo para a produ\u00e7\u00e3o<br \/>para a agricultura, bem como para a produ\u00e7\u00e3o de energias renov\u00e1veis.<\/p>\t\t\t\t\t\t\t\t<\/div>\n\t\t\t\t<\/div>\n\t\t\t\t<div class=\"elementor-element elementor-element-1d3417c elementor-widget elementor-widget-heading\" data-id=\"1d3417c\" data-element_type=\"widget\" data-e-type=\"widget\" data-widget_type=\"heading.default\">\n\t\t\t\t<div class=\"elementor-widget-container\">\n\t\t\t\t\t<h2 class=\"elementor-heading-title elementor-size-default\">Como \u00e9 que funciona?<\/h2>\t\t\t\t<\/div>\n\t\t\t\t<\/div>\n\t\t\t\t<div class=\"elementor-element elementor-element-947f64d elementor-widget elementor-widget-text-editor\" data-id=\"947f64d\" data-element_type=\"widget\" data-e-type=\"widget\" data-widget_type=\"text-editor.default\">\n\t\t\t\t<div class=\"elementor-widget-container\">\n\t\t\t\t\t\t\t\t\t<p>Os m\u00f3dulos fotovoltaicos s\u00e3o instalados a uma altura e orienta\u00e7\u00e3o que permitem a<br \/>luz suficiente para que as culturas se desenvolvam corretamente.<br \/>Al\u00e9m disso, alguns sistemas podem incluir seguidores solares que optimizam a<br \/>recolha de energia sem comprometer a fotoss\u00edntese das plantas.<\/p>\t\t\t\t\t\t\t\t<\/div>\n\t\t\t\t<\/div>\n\t\t\t\t<\/div>\n\t\t\t\t<\/div>\n\t\t<div class=\"elementor-element elementor-element-05ace62 e-con-full e-flex e-con e-child\" data-id=\"05ace62\" data-element_type=\"container\" data-e-type=\"container\">\n\t\t<div class=\"elementor-element elementor-element-c7b8948 e-con-full e-flex e-con e-child\" data-id=\"c7b8948\" data-element_type=\"container\" data-e-type=\"container\">\n\t\t\t\t<div class=\"elementor-element elementor-element-81f95e8 elementor-widget elementor-widget-heading\" data-id=\"81f95e8\" data-element_type=\"widget\" data-e-type=\"widget\" data-widget_type=\"heading.default\">\n\t\t\t\t<div class=\"elementor-widget-container\">\n\t\t\t\t\t<h2 class=\"elementor-heading-title elementor-size-default\">Administra\u00e7\u00e3o e qualidade: um bin\u00f3mio indissol\u00favel<\/h2>\t\t\t\t<\/div>\n\t\t\t\t<\/div>\n\t\t\t\t<div class=\"elementor-element elementor-element-fc4cbd7 elementor-widget elementor-widget-text-editor\" data-id=\"fc4cbd7\" data-element_type=\"widget\" data-e-type=\"widget\" data-widget_type=\"text-editor.default\">\n\t\t\t\t<div class=\"elementor-widget-container\">\n\t\t\t\t\t\t\t\t\t<p>Na nossa organiza\u00e7\u00e3o, entendemos que a Gest\u00e3o e a Qualidade andam de m\u00e3os dadas.<br \/>m\u00e3o. Embora a Administra\u00e7\u00e3o seja respons\u00e1vel por refletir nos documentos - quer no<br \/>ferramentas em papel ou digitais - em todas as fases do processo, a \u00e1rea da Qualidade trabalha para garantir que o<br \/>assegurar que este esfor\u00e7o di\u00e1rio seja reconhecido externamente atrav\u00e9s de<br \/>certifica\u00e7\u00f5es-chave. Estas certifica\u00e7\u00f5es n\u00e3o s\u00e3o apenas carimbos na nossa empresa: s\u00e3o<br \/>uma declara\u00e7\u00e3o de inten\u00e7\u00f5es aos nossos clientes, fornecedores e organiza\u00e7\u00f5es<br \/>p\u00fablico, que reconhecem o bom trabalho da Metal Frame Renovables. Gra\u00e7as a estes<br \/>departamentos, obtivemos v\u00e1rias certifica\u00e7\u00f5es ISO que garantem a nossa<br \/>gest\u00e3o e posicionar-nos como uma empresa de refer\u00eancia no sector da energia.<br \/>energias renov\u00e1veis, que s\u00e3o:<\/p>\t\t\t\t\t\t\t\t<\/div>\n\t\t\t\t<\/div>\n\t\t\t\t<\/div>\n\t\t<div class=\"elementor-element elementor-element-f3937dd e-con-full e-flex e-con e-child\" data-id=\"f3937dd\" data-element_type=\"container\" data-e-type=\"container\">\n\t\t\t\t<div class=\"elementor-element elementor-element-15ebc70 elementor-widget elementor-widget-text-editor\" data-id=\"15ebc70\" data-element_type=\"widget\" data-e-type=\"widget\" data-widget_type=\"text-editor.default\">\n\t\t\t\t<div class=\"elementor-widget-container\">\n\t\t\t\t\t\t\t\t\t<p><strong>ISO 9001<\/strong>-Gest\u00e3o da qualidade. Assegura que os nossos processos de conce\u00e7\u00e3o, c\u00e1lculo e execu\u00e7\u00e3o<br \/>O fornecimento de solu\u00e7\u00f5es estruturais para o sector fotovoltaico obedece a padr\u00f5es elevados.<br \/>padr\u00f5es de qualidade, visando a satisfa\u00e7\u00e3o do cliente e a efici\u00eancia operacional.<\/p><p><strong>ISO 14001<\/strong> - Gest\u00e3o ambiental. Certifica o nosso empenho na prote\u00e7\u00e3o do ambiente.<br \/>ambiente, preven\u00e7\u00e3o da polui\u00e7\u00e3o e melhoria do desempenho<br \/>em todas as nossas opera\u00e7\u00f5es.<\/p><p><strong>ISO 27001<\/strong> - Seguran\u00e7a da informa\u00e7\u00e3o. Garante que a nossa empresa gere<br \/>garantir adequadamente a confidencialidade, a integridade e a disponibilidade da informa\u00e7\u00e3o,<br \/>garantir ambientes seguros para os nossos clientes e funcion\u00e1rios.<\/p><p><strong>ISO 20400<\/strong> - Contratos p\u00fablicos sustent\u00e1veis. Reconhece que integramos<br \/>sustentabilidade ambiental, social e econ\u00f3mica nos nossos processos de aquisi\u00e7\u00e3o e aprovisionamento, promovendo uma cadeia de abastecimento respons\u00e1vel.<\/p>\t\t\t\t\t\t\t\t<\/div>\n\t\t\t\t<\/div>\n\t\t\t\t<\/div>\n\t\t\t\t<\/div>\n\t\t<div class=\"elementor-element elementor-element-9fd7e50 e-con-full e-flex e-con e-child\" data-id=\"9fd7e50\" data-element_type=\"container\" data-e-type=\"container\">\n\t\t<div class=\"elementor-element elementor-element-756dc42 e-con-full e-flex e-con e-child\" data-id=\"756dc42\" data-element_type=\"container\" data-e-type=\"container\">\n\t\t\t\t<div class=\"elementor-element elementor-element-f431a4d elementor-widget elementor-widget-text-editor\" data-id=\"f431a4d\" data-element_type=\"widget\" data-e-type=\"widget\" data-widget_type=\"text-editor.default\">\n\t\t\t\t<div class=\"elementor-widget-container\">\n\t\t\t\t\t\t\t\t\t<p>E a nossa ISO mais recente, <strong>ISO 45001<\/strong>- Sa\u00fade e seguran\u00e7a no trabalho. Norma destinada a<br \/>proteger os trabalhadores e os visitantes contra acidentes e doen\u00e7as profissionais.<\/p><p><br \/>Estas certifica\u00e7\u00f5es refor\u00e7am a confian\u00e7a dos nossos clientes e parceiros e reflectem<br \/>o nosso firme compromisso com a excel\u00eancia, a sustentabilidade e a inova\u00e7\u00e3o em todas as nossas actividades.<br \/>os nossos dom\u00ednios de atividade.<\/p><p><br \/>A Metal Frame Renovables possui tamb\u00e9m a Marca\u00e7\u00e3o CE de acordo com a norma EN 1090, que certifica que os nossos componentes estruturais em a\u00e7o e alum\u00ednio cumprem os requisitos essenciais de seguran\u00e7a estrutural da Uni\u00e3o Europeia.<br \/>Normas europeias para produtos de constru\u00e7\u00e3o.<\/p><p><br \/>Esta marca\u00e7\u00e3o foi concedida por um Organismo Notificado (OCA Instituto de<br \/>Certifica\u00e7\u00e3o, n.\u00ba 2375) depois de ter passado com \u00eaxito a inspe\u00e7\u00e3o inicial de<br \/>as nossas f\u00e1bricas, o controlo da produ\u00e7\u00e3o e os processos de avalia\u00e7\u00e3o e verifica\u00e7\u00e3o.<br \/>permanente.<\/p>\t\t\t\t\t\t\t\t<\/div>\n\t\t\t\t<\/div>\n\t\t\t\t<\/div>\n\t\t<div class=\"elementor-element elementor-element-0bdc9e2 e-con-full e-flex e-con e-child\" data-id=\"0bdc9e2\" data-element_type=\"container\" data-e-type=\"container\">\n\t\t\t\t<div class=\"elementor-element elementor-element-9bd0dc7 elementor-widget elementor-widget-image\" data-id=\"9bd0dc7\" data-element_type=\"widget\" data-e-type=\"widget\" data-widget_type=\"image.default\">\n\t\t\t\t<div class=\"elementor-widget-container\">\n\t\t\t\t\t\t\t\t\t\t\t\t\t\t\t<img decoding=\"async\" width=\"800\" height=\"534\" src=\"https:\/\/www.mfrenovables.com\/wp-content\/uploads\/2025\/06\/recursos-de-blog-1024x683.webp\" class=\"attachment-large size-large wp-image-6007\" alt=\"Soluciones Integrales\" srcset=\"https:\/\/www.mfrenovables.com\/wp-content\/uploads\/2025\/06\/recursos-de-blog-1024x683.webp 1024w, https:\/\/www.mfrenovables.com\/wp-content\/uploads\/2025\/06\/recursos-de-blog-300x200.webp 300w, https:\/\/www.mfrenovables.com\/wp-content\/uploads\/2025\/06\/recursos-de-blog-768x512.webp 768w, https:\/\/www.mfrenovables.com\/wp-content\/uploads\/2025\/06\/recursos-de-blog-1536x1024.webp 1536w, https:\/\/www.mfrenovables.com\/wp-content\/uploads\/2025\/06\/recursos-de-blog-18x12.webp 18w, https:\/\/www.mfrenovables.com\/wp-content\/uploads\/2025\/06\/recursos-de-blog-600x400.webp 600w, https:\/\/www.mfrenovables.com\/wp-content\/uploads\/2025\/06\/recursos-de-blog.webp 1920w\" sizes=\"(max-width: 800px) 100vw, 800px\" \/>\t\t\t\t\t\t\t\t\t\t\t\t\t\t\t<\/div>\n\t\t\t\t<\/div>\n\t\t\t\t<\/div>\n\t\t\t\t<\/div>\n\t\t<div class=\"elementor-element elementor-element-130dd80 e-con-full e-flex e-con e-child\" data-id=\"130dd80\" data-element_type=\"container\" data-e-type=\"container\">\n\t\t<div class=\"elementor-element elementor-element-4b09dbb e-con-full e-flex e-con e-child\" data-id=\"4b09dbb\" data-element_type=\"container\" data-e-type=\"container\">\n\t\t\t\t<div class=\"elementor-element elementor-element-ec130f6 elementor-widget elementor-widget-image\" data-id=\"ec130f6\" data-element_type=\"widget\" data-e-type=\"widget\" data-widget_type=\"image.default\">\n\t\t\t\t<div class=\"elementor-widget-container\">\n\t\t\t\t\t\t\t\t\t\t\t\t\t\t\t<img decoding=\"async\" width=\"800\" height=\"534\" src=\"https:\/\/www.mfrenovables.com\/wp-content\/uploads\/2025\/06\/recursos-de-blog3-1024x683.webp\" class=\"attachment-large size-large wp-image-6009\" alt=\"\" srcset=\"https:\/\/www.mfrenovables.com\/wp-content\/uploads\/2025\/06\/recursos-de-blog3-1024x683.webp 1024w, https:\/\/www.mfrenovables.com\/wp-content\/uploads\/2025\/06\/recursos-de-blog3-300x200.webp 300w, https:\/\/www.mfrenovables.com\/wp-content\/uploads\/2025\/06\/recursos-de-blog3-768x512.webp 768w, https:\/\/www.mfrenovables.com\/wp-content\/uploads\/2025\/06\/recursos-de-blog3-1536x1024.webp 1536w, https:\/\/www.mfrenovables.com\/wp-content\/uploads\/2025\/06\/recursos-de-blog3-18x12.webp 18w, https:\/\/www.mfrenovables.com\/wp-content\/uploads\/2025\/06\/recursos-de-blog3-600x400.webp 600w, https:\/\/www.mfrenovables.com\/wp-content\/uploads\/2025\/06\/recursos-de-blog3.webp 1920w\" sizes=\"(max-width: 800px) 100vw, 800px\" \/>\t\t\t\t\t\t\t\t\t\t\t\t\t\t\t<\/div>\n\t\t\t\t<\/div>\n\t\t\t\t<\/div>\n\t\t<div class=\"elementor-element elementor-element-5bb13df e-con-full e-flex e-con e-child\" data-id=\"5bb13df\" data-element_type=\"container\" data-e-type=\"container\">\n\t\t\t\t<div class=\"elementor-element elementor-element-8e02a5d elementor-widget elementor-widget-text-editor\" data-id=\"8e02a5d\" data-element_type=\"widget\" data-e-type=\"widget\" data-widget_type=\"text-editor.default\">\n\t\t\t\t<div class=\"elementor-widget-container\">\n\t\t\t\t\t\t\t\t\t<p>A Marca\u00e7\u00e3o CE autoriza-nos a comercializar as nossas estruturas met\u00e1licas no espa\u00e7o econ\u00f3mico europeu, garantindo:<br \/>Conformidade com as normas europeias de seguran\u00e7a estrutural.<br \/>Controlo da produ\u00e7\u00e3o na f\u00e1brica (FPC) implementado e auditado.<br \/>Fabrico de acordo com as normas de qualidade EXC1 e EXC2 (classes de execu\u00e7\u00e3o).<br \/>Esta certifica\u00e7\u00e3o atesta a fiabilidade, a rastreabilidade e a qualidade dos nossos produtos.<br \/>solu\u00e7\u00f5es estruturais, e refor\u00e7a o nosso posicionamento como fornecedor de<br \/>confian\u00e7a nos grandes projectos fotovoltaicos. Gra\u00e7as ao empenho, ao profissionalismo<br \/>e os esfor\u00e7os cont\u00ednuos dos nossos departamentos de Administra\u00e7\u00e3o e Qualidade, em<br \/>Metal Frame Renovables obteve todas as certifica\u00e7\u00f5es ISO que suportam<br \/>o nosso sistema de gest\u00e3o, garantindo os mais elevados padr\u00f5es de qualidade na nossa<br \/>opera\u00e7\u00f5es.<\/p>\t\t\t\t\t\t\t\t<\/div>\n\t\t\t\t<\/div>\n\t\t\t\t<\/div>\n\t\t\t\t<\/div>\n\t\t<div class=\"elementor-element elementor-element-b84169e e-con-full e-flex e-con e-child\" data-id=\"b84169e\" data-element_type=\"container\" data-e-type=\"container\">\n\t\t<div class=\"elementor-element elementor-element-61a8b6f e-con-full e-flex e-con e-child\" data-id=\"61a8b6f\" data-element_type=\"container\" data-e-type=\"container\">\n\t\t\t\t<div class=\"elementor-element elementor-element-9958a91 elementor-widget elementor-widget-heading\" data-id=\"9958a91\" data-element_type=\"widget\" data-e-type=\"widget\" data-widget_type=\"heading.default\">\n\t\t\t\t<div class=\"elementor-widget-container\">\n\t\t\t\t\t<h3 class=\"elementor-heading-title elementor-size-default\">O papel do governo das sociedades<\/h3>\t\t\t\t<\/div>\n\t\t\t\t<\/div>\n\t\t\t\t<div class=\"elementor-element elementor-element-bbb3668 elementor-widget elementor-widget-text-editor\" data-id=\"bbb3668\" data-element_type=\"widget\" data-e-type=\"widget\" data-widget_type=\"text-editor.default\">\n\t\t\t\t<div class=\"elementor-widget-container\">\n\t\t\t\t\t\t\t\t\t<p>O servi\u00e7o de Administra\u00e7\u00e3o actua como ponto de liga\u00e7\u00e3o entre todos os<br \/>\u00e1reas. Como elo de liga\u00e7\u00e3o que gere a documenta\u00e7\u00e3o de todos os movimentos - desde<br \/>ordens de produ\u00e7\u00e3o, ao controlo de stocks ou \u00e0 apresenta\u00e7\u00e3o de resultados - \u00e9<br \/>torna-se a espinha dorsal que permite cumprir as normas exigidas pela<br \/>auditorias de qualidade.<br \/>Isto n\u00e3o seria poss\u00edvel sem um <strong>colabora\u00e7\u00e3o ativa de todas as equipas<\/strong>. O<br \/>alcan\u00e7ar os objectivos de qualidade n\u00e3o \u00e9 uma tarefa isolada do departamento de garantia de qualidade.<br \/>Qualidade, mas um compromisso coletivo. E \u00e9 precisamente a posi\u00e7\u00e3o<br \/>administra\u00e7\u00e3o interdepartamental que permite a todos os servi\u00e7os trabalharem em conjunto na<br \/>alinhar-se com estes objectivos.<br \/>Esta colabora\u00e7\u00e3o \u00e9 poss\u00edvel gra\u00e7as a um modelo de trabalho colaborativo, em que o<br \/>melhoria cont\u00ednua, responsabilidade ambiental e seguran\u00e7a da informa\u00e7\u00e3o<br \/>fazem parte do nosso ADN empresarial.<\/p>\t\t\t\t\t\t\t\t<\/div>\n\t\t\t\t<\/div>\n\t\t\t\t<\/div>\n\t\t<div class=\"elementor-element elementor-element-85b779a e-con-full e-flex e-con e-child\" data-id=\"85b779a\" data-element_type=\"container\" data-e-type=\"container\">\n\t\t\t\t<div class=\"elementor-element elementor-element-9d5f414 elementor-widget elementor-widget-image\" data-id=\"9d5f414\" data-element_type=\"widget\" data-e-type=\"widget\" data-widget_type=\"image.default\">\n\t\t\t\t<div class=\"elementor-widget-container\">\n\t\t\t\t\t\t\t\t\t\t\t\t\t\t\t<img loading=\"lazy\" decoding=\"async\" width=\"800\" height=\"534\" src=\"https:\/\/www.mfrenovables.com\/wp-content\/uploads\/2025\/06\/recursos-de-blog2-1024x683.webp\" class=\"attachment-large size-large wp-image-6008\" alt=\"\" srcset=\"https:\/\/www.mfrenovables.com\/wp-content\/uploads\/2025\/06\/recursos-de-blog2-1024x683.webp 1024w, https:\/\/www.mfrenovables.com\/wp-content\/uploads\/2025\/06\/recursos-de-blog2-300x200.webp 300w, https:\/\/www.mfrenovables.com\/wp-content\/uploads\/2025\/06\/recursos-de-blog2-768x512.webp 768w, https:\/\/www.mfrenovables.com\/wp-content\/uploads\/2025\/06\/recursos-de-blog2-1536x1024.webp 1536w, https:\/\/www.mfrenovables.com\/wp-content\/uploads\/2025\/06\/recursos-de-blog2-18x12.webp 18w, https:\/\/www.mfrenovables.com\/wp-content\/uploads\/2025\/06\/recursos-de-blog2-600x400.webp 600w, https:\/\/www.mfrenovables.com\/wp-content\/uploads\/2025\/06\/recursos-de-blog2.webp 1920w\" sizes=\"(max-width: 800px) 100vw, 800px\" \/>\t\t\t\t\t\t\t\t\t\t\t\t\t\t\t<\/div>\n\t\t\t\t<\/div>\n\t\t\t\t<\/div>\n\t\t\t\t<\/div>\n\t\t<div class=\"elementor-element elementor-element-0971ae9 e-con-full e-flex e-con e-child\" data-id=\"0971ae9\" data-element_type=\"container\" data-e-type=\"container\">\n\t\t<div class=\"elementor-element elementor-element-0a27fa9 e-con-full e-flex e-con e-child\" data-id=\"0a27fa9\" data-element_type=\"container\" data-e-type=\"container\">\n\t\t\t\t<div class=\"elementor-element elementor-element-08010c4 elementor-widget elementor-widget-heading\" data-id=\"08010c4\" data-element_type=\"widget\" data-e-type=\"widget\" data-widget_type=\"heading.default\">\n\t\t\t\t<div class=\"elementor-widget-container\">\n\t\t\t\t\t<h3 class=\"elementor-heading-title elementor-size-default\">Orgulho da equipa: as certifica\u00e7\u00f5es como reflexo de um bom desempenho<\/h3>\t\t\t\t<\/div>\n\t\t\t\t<\/div>\n\t\t\t\t<div class=\"elementor-element elementor-element-4d6782c elementor-widget elementor-widget-text-editor\" data-id=\"4d6782c\" data-element_type=\"widget\" data-e-type=\"widget\" data-widget_type=\"text-editor.default\">\n\t\t\t\t<div class=\"elementor-widget-container\">\n\t\t\t\t\t\t\t\t\t<p>Num sector como o das energias renov\u00e1veis, em que a concorr\u00eancia \u00e9 feroz e<br \/>em crescimento,<strong> as certifica\u00e7\u00f5es representam uma verdadeira vantagem competitiva<\/strong>. S\u00e3o os<br \/>provas tang\u00edveis do empenhamento de todo o pessoal, desde os operadores no terreno at\u00e9 aos<br \/>armaz\u00e9m at\u00e9 \u00e0 dire\u00e7\u00e3o. \u00c9 por isso que na Metal Frame Renovables sentimos que cada<br \/>a certifica\u00e7\u00e3o \u00e9 uma conquista partilhada, uma fonte de orgulho coletivo.<br \/>Estas certifica\u00e7\u00f5es s\u00e3o um reconhecimento do trabalho rigoroso que realizamos na<br \/>todos os n\u00edveis da organiza\u00e7\u00e3o e consolidar a nossa posi\u00e7\u00e3o como ponto de refer\u00eancia no sector<br \/>conce\u00e7\u00e3o, fabrico e fornecimento de solu\u00e7\u00f5es estruturais para o sector fotovoltaico.<\/p>\t\t\t\t\t\t\t\t<\/div>\n\t\t\t\t<\/div>\n\t\t\t\t<\/div>\n\t\t<div class=\"elementor-element elementor-element-2243515 e-con-full e-flex e-con e-child\" data-id=\"2243515\" data-element_type=\"container\" data-e-type=\"container\">\n\t\t\t\t<div class=\"elementor-element elementor-element-abde0de elementor-widget elementor-widget-heading\" data-id=\"abde0de\" data-element_type=\"widget\" data-e-type=\"widget\" data-widget_type=\"heading.default\">\n\t\t\t\t<div class=\"elementor-widget-container\">\n\t\t\t\t\t<h3 class=\"elementor-heading-title elementor-size-default\">Log\u00edstica: A \u00faltima etapa, o impacto final<\/h3>\t\t\t\t<\/div>\n\t\t\t\t<\/div>\n\t\t\t\t<div class=\"elementor-element elementor-element-7e4d5c7 elementor-widget elementor-widget-text-editor\" data-id=\"7e4d5c7\" data-element_type=\"widget\" data-e-type=\"widget\" data-widget_type=\"text-editor.default\">\n\t\t\t\t<div class=\"elementor-widget-container\">\n\t\t\t\t\t\t\t\t\t<p>O papel do <strong>log\u00edstica<\/strong> \u00e9 igualmente crucial. \u00c9 o \u00faltimo elo do processo<br \/>produtivo, em que qualquer desfasamento pode comprometer a experi\u00eancia do cliente.<br \/>Por conseguinte, as exig\u00eancias s\u00e3o elevadas. A entrega exacta dos materiais e a<br \/>a coordena\u00e7\u00e3o com as instala\u00e7\u00f5es no local deve ser meticulosa, a fim de evitar atrasos.<br \/>e garantir a satisfa\u00e7\u00e3o do cliente.<\/p><p>Mas o nosso compromisso tamb\u00e9m vai para al\u00e9m da efici\u00eancia operacional. <strong>Somos uma<\/strong><br \/><strong>empresa com consci\u00eancia ambiental<\/strong> da nossa atividade. Por conseguinte, aplicamos<br \/>crit\u00e9rios de otimiza\u00e7\u00e3o na utiliza\u00e7\u00e3o de cami\u00f5es, maximizando a capacidade de carga e<br \/>tra\u00e7ar itiner\u00e1rios para minimizar as emiss\u00f5es de carbono. Este<br \/>A estrat\u00e9gia n\u00e3o s\u00f3 reduz os custos, como tamb\u00e9m refor\u00e7a a nossa responsabilidade para com<br \/>o ambiente.<\/p>\t\t\t\t\t\t\t\t<\/div>\n\t\t\t\t<\/div>\n\t\t\t\t<\/div>\n\t\t\t\t<\/div>\n\t\t\t\t<div class=\"elementor-element elementor-element-ef67cf1 elementor-widget elementor-widget-text-editor\" data-id=\"ef67cf1\" data-element_type=\"widget\" data-e-type=\"widget\" data-widget_type=\"text-editor.default\">\n\t\t\t\t<div class=\"elementor-widget-container\">\n\t\t\t\t\t\t\t\t\t<p>Em conclus\u00e3o, na Metal Frame Renovables acreditamos firmemente que o sucesso de uma<br \/>A empresa \u00e9 avaliada n\u00e3o s\u00f3 pelo que produz, mas tamb\u00e9m pela forma como o faz. E isso \u00e9<br \/>inclui a manuten\u00e7\u00e3o de processos administrativos impec\u00e1veis, normas de qualidade<br \/>e log\u00edstica que pensam no cliente e no planeta. Porque quando<br \/>tudo isso se alinha, o resultado \u00e9 uma empresa s\u00f3lida, competitiva e, acima de tudo,<br \/>coerente com os seus valores.<\/p>\t\t\t\t\t\t\t\t<\/div>\n\t\t\t\t<\/div>\n\t\t<div class=\"elementor-element elementor-element-dd70168 e-con-full e-flex e-con e-child\" data-id=\"dd70168\" data-element_type=\"container\" data-e-type=\"container\">\n\t\t<div class=\"elementor-element elementor-element-f2c5307 e-con-full e-flex e-con e-child\" data-id=\"f2c5307\" data-element_type=\"container\" data-e-type=\"container\">\n\t\t\t\t<div class=\"elementor-element elementor-element-917f157 elementor-widget elementor-widget-button\" data-id=\"917f157\" data-element_type=\"widget\" data-e-type=\"widget\" data-widget_type=\"button.default\">\n\t\t\t\t<div class=\"elementor-widget-container\">\n\t\t\t\t\t\t\t\t\t<div class=\"elementor-button-wrapper\">\n\t\t\t\t\t<a class=\"elementor-button elementor-button-link elementor-size-sm\" href=\"mailto:info@mfrenovables.com\">\n\t\t\t\t\t\t<span class=\"elementor-button-content-wrapper\">\n\t\t\t\t\t\t\t\t\t<span class=\"elementor-button-text\">Contacto connosco<\/span>\n\t\t\t\t\t<\/span>\n\t\t\t\t\t<\/a>\n\t\t\t\t<\/div>\n\t\t\t\t\t\t\t\t<\/div>\n\t\t\t\t<\/div>\n\t\t\t\t<\/div>\n\t\t\t\t<\/div>\n\t\t\t\t<\/div>\n\t\t\t\t<\/div>\n\t\t<div class=\"elementor-element elementor-element-26ff068 e-con-full e-flex e-con e-child\" data-id=\"26ff068\" data-element_type=\"container\" data-e-type=\"container\">\n\t\t<div class=\"elementor-element elementor-element-19ea515 e-con-full e-flex e-con e-child\" data-id=\"19ea515\" data-element_type=\"container\" data-e-type=\"container\" data-settings=\"{&quot;background_background&quot;:&quot;classic&quot;}\">\n\t\t\t\t<div class=\"elementor-element elementor-element-dec11fc elementor-widget elementor-widget-heading\" data-id=\"dec11fc\" data-element_type=\"widget\" data-e-type=\"widget\" data-widget_type=\"heading.default\">\n\t\t\t\t<div class=\"elementor-widget-container\">\n\t\t\t\t\t<h2 class=\"elementor-heading-title elementor-size-default\">Categorias<\/h2>\t\t\t\t<\/div>\n\t\t\t\t<\/div>\n\t\t\t\t<div class=\"elementor-element elementor-element-7348cf6 elementor-icon-list--layout-traditional elementor-list-item-link-full_width elementor-widget elementor-widget-icon-list\" data-id=\"7348cf6\" data-element_type=\"widget\" data-e-type=\"widget\" data-widget_type=\"icon-list.default\">\n\t\t\t\t<div class=\"elementor-widget-container\">\n\t\t\t\t\t\t\t<ul class=\"elementor-icon-list-items\">\n\t\t\t\t\t\t\t<li class=\"elementor-icon-list-item\">\n\t\t\t\t\t\t\t\t\t\t\t<span class=\"elementor-icon-list-icon\">\n\t\t\t\t\t\t\t<svg aria-hidden=\"true\" class=\"e-font-icon-svg e-far-folder\" viewbox=\"0 0 512 512\" xmlns=\"http:\/\/www.w3.org\/2000\/svg\"><path d=\"M464 128H272l-54.63-54.63c-6-6-14.14-9.37-22.63-9.37H48C21.49 64 0 85.49 0 112v288c0 26.51 21.49 48 48 48h416c26.51 0 48-21.49 48-48V176c0-26.51-21.49-48-48-48zm0 272H48V112h140.12l54.63 54.63c6 6 14.14 9.37 22.63 9.37H464v224z\"><\/path><\/svg>\t\t\t\t\t\t<\/span>\n\t\t\t\t\t\t\t\t\t\t<span class=\"elementor-icon-list-text\">Agrovoltaicos<\/span>\n\t\t\t\t\t\t\t\t\t<\/li>\n\t\t\t\t\t\t\t\t<li class=\"elementor-icon-list-item\">\n\t\t\t\t\t\t\t\t\t\t\t<span class=\"elementor-icon-list-icon\">\n\t\t\t\t\t\t\t<svg aria-hidden=\"true\" class=\"e-font-icon-svg e-far-folder\" viewbox=\"0 0 512 512\" xmlns=\"http:\/\/www.w3.org\/2000\/svg\"><path d=\"M464 128H272l-54.63-54.63c-6-6-14.14-9.37-22.63-9.37H48C21.49 64 0 85.49 0 112v288c0 26.51 21.49 48 48 48h416c26.51 0 48-21.49 48-48V176c0-26.51-21.49-48-48-48zm0 272H48V112h140.12l54.63 54.63c6 6 14.14 9.37 22.63 9.37H464v224z\"><\/path><\/svg>\t\t\t\t\t\t<\/span>\n\t\t\t\t\t\t\t\t\t\t<span class=\"elementor-icon-list-text\">Estacionamento e markesina<\/span>\n\t\t\t\t\t\t\t\t\t<\/li>\n\t\t\t\t\t\t\t\t<li class=\"elementor-icon-list-item\">\n\t\t\t\t\t\t\t\t\t\t\t<span class=\"elementor-icon-list-icon\">\n\t\t\t\t\t\t\t<svg aria-hidden=\"true\" class=\"e-font-icon-svg e-far-folder\" viewbox=\"0 0 512 512\" xmlns=\"http:\/\/www.w3.org\/2000\/svg\"><path d=\"M464 128H272l-54.63-54.63c-6-6-14.14-9.37-22.63-9.37H48C21.49 64 0 85.49 0 112v288c0 26.51 21.49 48 48 48h416c26.51 0 48-21.49 48-48V176c0-26.51-21.49-48-48-48zm0 272H48V112h140.12l54.63 54.63c6 6 14.14 9.37 22.63 9.37H464v224z\"><\/path><\/svg>\t\t\t\t\t\t<\/span>\n\t\t\t\t\t\t\t\t\t\t<span class=\"elementor-icon-list-text\">Feiras<\/span>\n\t\t\t\t\t\t\t\t\t<\/li>\n\t\t\t\t\t\t<\/ul>\n\t\t\t\t\t\t<\/div>\n\t\t\t\t<\/div>\n\t\t\t\t<\/div>\n\t\t<div class=\"elementor-element elementor-element-eb2c368 e-con-full e-flex e-con e-child\" data-id=\"eb2c368\" data-element_type=\"container\" data-e-type=\"container\" data-settings=\"{&quot;background_background&quot;:&quot;classic&quot;}\">\n\t\t\t\t<div class=\"elementor-element elementor-element-f0411ad elementor-grid-1 elementor-grid-tablet-2 elementor-grid-mobile-1 elementor-posts--thumbnail-top elementor-widget elementor-widget-posts\" data-id=\"f0411ad\" data-element_type=\"widget\" data-e-type=\"widget\" data-settings=\"{&quot;classic_columns&quot;:&quot;1&quot;,&quot;classic_columns_tablet&quot;:&quot;2&quot;,&quot;classic_columns_mobile&quot;:&quot;1&quot;,&quot;classic_row_gap&quot;:{&quot;unit&quot;:&quot;px&quot;,&quot;size&quot;:35,&quot;sizes&quot;:[]},&quot;classic_row_gap_tablet&quot;:{&quot;unit&quot;:&quot;px&quot;,&quot;size&quot;:&quot;&quot;,&quot;sizes&quot;:[]},&quot;classic_row_gap_mobile&quot;:{&quot;unit&quot;:&quot;px&quot;,&quot;size&quot;:&quot;&quot;,&quot;sizes&quot;:[]}}\" data-widget_type=\"posts.classic\">\n\t\t\t\t<div class=\"elementor-widget-container\">\n\t\t\t\t\t\t\t<div class=\"elementor-posts-container elementor-posts elementor-posts--skin-classic elementor-grid\" role=\"list\">\n\t\t\t\t<article class=\"elementor-post elementor-grid-item post-9893 post type-post status-publish format-standard has-post-thumbnail hentry category-noticias-del-sector category-uncategorized\" role=\"listitem\">\n\t\t\t\t<a class=\"elementor-post__thumbnail__link\" href=\"https:\/\/www.mfrenovables.com\/pt\/5-novedades-metal-frame\/\" tabindex=\"-1\" >\n\t\t\t<div class=\"elementor-post__thumbnail\"><img loading=\"lazy\" decoding=\"async\" width=\"800\" height=\"450\" src=\"https:\/\/www.mfrenovables.com\/wp-content\/uploads\/2026\/04\/novedades_mfr-1024x576.webp\" class=\"attachment-large size-large wp-image-9895\" alt=\"\" srcset=\"https:\/\/www.mfrenovables.com\/wp-content\/uploads\/2026\/04\/novedades_mfr-1024x576.webp 1024w, https:\/\/www.mfrenovables.com\/wp-content\/uploads\/2026\/04\/novedades_mfr-300x169.webp 300w, https:\/\/www.mfrenovables.com\/wp-content\/uploads\/2026\/04\/novedades_mfr-768x432.webp 768w, https:\/\/www.mfrenovables.com\/wp-content\/uploads\/2026\/04\/novedades_mfr-1536x864.webp 1536w, https:\/\/www.mfrenovables.com\/wp-content\/uploads\/2026\/04\/novedades_mfr-18x10.webp 18w, https:\/\/www.mfrenovables.com\/wp-content\/uploads\/2026\/04\/novedades_mfr.webp 1920w\" sizes=\"(max-width: 800px) 100vw, 800px\" \/><\/div>\n\t\t<\/a>\n\t\t\t\t<div class=\"elementor-post__text\">\n\t\t\t\t<h3 class=\"elementor-post__title\">\n\t\t\t<a href=\"https:\/\/www.mfrenovables.com\/pt\/5-novedades-metal-frame\/\" >\n\t\t\t\t5 novedades de Metal Frame Renovables: MFPARK, Kits Cubierta, MFBLOCK y nuevos lastres\t\t\t<\/a>\n\t\t<\/h3>\n\t\t\t\t<div class=\"elementor-post__meta-data\">\n\t\t\t\t\t<span class=\"elementor-post-date\">\n\t\t\tAbril 21, 2026\t\t<\/span>\n\t\t\t\t<span class=\"elementor-post-avatar\">\n\t\t\tSem coment\u00e1rios\t\t<\/span>\n\t\t\t\t<\/div>\n\t\t\n\t\t<a class=\"elementor-post__read-more\" href=\"https:\/\/www.mfrenovables.com\/pt\/5-novedades-metal-frame\/\" aria-label=\"Read more about 5 novedades de Metal Frame Renovables: MFPARK, Kits Cubierta, MFBLOCK y nuevos lastres\" tabindex=\"-1\" >\n\t\t\tLer mais \u00bb\t\t<\/a>\n\n\t\t\t\t<\/div>\n\t\t\t\t<\/article>\n\t\t\t\t<article class=\"elementor-post elementor-grid-item post-9571 post type-post status-publish format-standard has-post-thumbnail hentry category-noticias-del-sector\" role=\"listitem\">\n\t\t\t\t<a class=\"elementor-post__thumbnail__link\" href=\"https:\/\/www.mfrenovables.com\/pt\/metal-frame-renovables-uno-de-los-patrocinadores-de-la-maraton-zurich-10k-ciudad-de-don-benito-2026\/\" tabindex=\"-1\" >\n\t\t\t<div class=\"elementor-post__thumbnail\"><img loading=\"lazy\" decoding=\"async\" width=\"800\" height=\"720\" src=\"https:\/\/www.mfrenovables.com\/wp-content\/uploads\/2026\/03\/4.webp\" class=\"attachment-large size-large wp-image-9582\" alt=\"\" srcset=\"https:\/\/www.mfrenovables.com\/wp-content\/uploads\/2026\/03\/4.webp 901w, https:\/\/www.mfrenovables.com\/wp-content\/uploads\/2026\/03\/4-300x270.webp 300w, https:\/\/www.mfrenovables.com\/wp-content\/uploads\/2026\/03\/4-768x691.webp 768w, https:\/\/www.mfrenovables.com\/wp-content\/uploads\/2026\/03\/4-13x12.webp 13w\" sizes=\"(max-width: 800px) 100vw, 800px\" \/><\/div>\n\t\t<\/a>\n\t\t\t\t<div class=\"elementor-post__text\">\n\t\t\t\t<h3 class=\"elementor-post__title\">\n\t\t\t<a href=\"https:\/\/www.mfrenovables.com\/pt\/metal-frame-renovables-uno-de-los-patrocinadores-de-la-maraton-zurich-10k-ciudad-de-don-benito-2026\/\" >\n\t\t\t\tMetal Frame Renovables uno de los patrocinadores de la marat\u00f3n Zurich 10K Ciudad de Don Benito 2026\t\t\t<\/a>\n\t\t<\/h3>\n\t\t\t\t<div class=\"elementor-post__meta-data\">\n\t\t\t\t\t<span class=\"elementor-post-date\">\n\t\t\tMar\u00e7o 23, 2026\t\t<\/span>\n\t\t\t\t<span class=\"elementor-post-avatar\">\n\t\t\tSem coment\u00e1rios\t\t<\/span>\n\t\t\t\t<\/div>\n\t\t\n\t\t<a class=\"elementor-post__read-more\" href=\"https:\/\/www.mfrenovables.com\/pt\/metal-frame-renovables-uno-de-los-patrocinadores-de-la-maraton-zurich-10k-ciudad-de-don-benito-2026\/\" aria-label=\"Read more about Metal Frame Renovables uno de los patrocinadores de la marat\u00f3n Zurich 10K Ciudad de Don Benito 2026\" tabindex=\"-1\" >\n\t\t\tLer mais \u00bb\t\t<\/a>\n\n\t\t\t\t<\/div>\n\t\t\t\t<\/article>\n\t\t\t\t<article class=\"elementor-post elementor-grid-item post-9432 post type-post status-publish format-standard has-post-thumbnail hentry category-noticias-del-sector\" role=\"listitem\">\n\t\t\t\t<a class=\"elementor-post__thumbnail__link\" href=\"https:\/\/www.mfrenovables.com\/pt\/mf-renovables-cb-al-qazeres-solidaridad-banco-alimentos-2\/\" tabindex=\"-1\" >\n\t\t\t<div class=\"elementor-post__thumbnail\"><img loading=\"lazy\" decoding=\"async\" width=\"593\" height=\"596\" src=\"https:\/\/www.mfrenovables.com\/wp-content\/uploads\/2026\/03\/1-2-2.webp\" class=\"attachment-large size-large wp-image-9428\" alt=\"\" srcset=\"https:\/\/www.mfrenovables.com\/wp-content\/uploads\/2026\/03\/1-2-2.webp 593w, https:\/\/www.mfrenovables.com\/wp-content\/uploads\/2026\/03\/1-2-2-298x300.webp 298w, https:\/\/www.mfrenovables.com\/wp-content\/uploads\/2026\/03\/1-2-2-150x150.webp 150w, https:\/\/www.mfrenovables.com\/wp-content\/uploads\/2026\/03\/1-2-2-12x12.webp 12w\" sizes=\"(max-width: 593px) 100vw, 593px\" \/><\/div>\n\t\t<\/a>\n\t\t\t\t<div class=\"elementor-post__text\">\n\t\t\t\t<h3 class=\"elementor-post__title\">\n\t\t\t<a href=\"https:\/\/www.mfrenovables.com\/pt\/mf-renovables-cb-al-qazeres-solidaridad-banco-alimentos-2\/\" >\n\t\t\t\tMF Renovables CB Al-Q\u00e1zeres participa en un partido solidario a favor del Banco de Alimentos de C\u00e1ceres\t\t\t<\/a>\n\t\t<\/h3>\n\t\t\t\t<div class=\"elementor-post__meta-data\">\n\t\t\t\t\t<span class=\"elementor-post-date\">\n\t\t\tMar\u00e7o 18, 2026\t\t<\/span>\n\t\t\t\t<span class=\"elementor-post-avatar\">\n\t\t\tSem coment\u00e1rios\t\t<\/span>\n\t\t\t\t<\/div>\n\t\t\n\t\t<a class=\"elementor-post__read-more\" href=\"https:\/\/www.mfrenovables.com\/pt\/mf-renovables-cb-al-qazeres-solidaridad-banco-alimentos-2\/\" aria-label=\"Read more about MF Renovables CB Al-Q\u00e1zeres participa en un partido solidario a favor del Banco de Alimentos de C\u00e1ceres\" tabindex=\"-1\" >\n\t\t\tLer mais \u00bb\t\t<\/a>\n\n\t\t\t\t<\/div>\n\t\t\t\t<\/article>\n\t\t\t\t<article class=\"elementor-post elementor-grid-item post-9280 post type-post status-publish format-standard has-post-thumbnail hentry category-noticias-del-sector\" role=\"listitem\">\n\t\t\t\t<a class=\"elementor-post__thumbnail__link\" href=\"https:\/\/www.mfrenovables.com\/pt\/carrera-solidaria-para-el-parkinson\/\" tabindex=\"-1\" >\n\t\t\t<div class=\"elementor-post__thumbnail\"><img loading=\"lazy\" decoding=\"async\" width=\"800\" height=\"448\" src=\"https:\/\/www.mfrenovables.com\/wp-content\/uploads\/2026\/03\/vii-carrera-solidaria4-1024x574.webp\" class=\"attachment-large size-large wp-image-9283\" alt=\"\" srcset=\"https:\/\/www.mfrenovables.com\/wp-content\/uploads\/2026\/03\/vii-carrera-solidaria4-1024x574.webp 1024w, https:\/\/www.mfrenovables.com\/wp-content\/uploads\/2026\/03\/vii-carrera-solidaria4-300x168.webp 300w, https:\/\/www.mfrenovables.com\/wp-content\/uploads\/2026\/03\/vii-carrera-solidaria4-768x431.webp 768w, https:\/\/www.mfrenovables.com\/wp-content\/uploads\/2026\/03\/vii-carrera-solidaria4-18x10.webp 18w, https:\/\/www.mfrenovables.com\/wp-content\/uploads\/2026\/03\/vii-carrera-solidaria4.webp 1312w\" sizes=\"(max-width: 800px) 100vw, 800px\" \/><\/div>\n\t\t<\/a>\n\t\t\t\t<div class=\"elementor-post__text\">\n\t\t\t\t<h3 class=\"elementor-post__title\">\n\t\t\t<a href=\"https:\/\/www.mfrenovables.com\/pt\/carrera-solidaria-para-el-parkinson\/\" >\n\t\t\t\tCarrera solidaria para el Parkinson | Metal Frame corre por una causa solidaria\t\t\t<\/a>\n\t\t<\/h3>\n\t\t\t\t<div class=\"elementor-post__meta-data\">\n\t\t\t\t\t<span class=\"elementor-post-date\">\n\t\t\tMar\u00e7o 16, 2026\t\t<\/span>\n\t\t\t\t<span class=\"elementor-post-avatar\">\n\t\t\tSem coment\u00e1rios\t\t<\/span>\n\t\t\t\t<\/div>\n\t\t\n\t\t<a class=\"elementor-post__read-more\" href=\"https:\/\/www.mfrenovables.com\/pt\/carrera-solidaria-para-el-parkinson\/\" aria-label=\"Read more about Carrera solidaria para el Parkinson | Metal Frame corre por una causa solidaria\" tabindex=\"-1\" >\n\t\t\tLer mais \u00bb\t\t<\/a>\n\n\t\t\t\t<\/div>\n\t\t\t\t<\/article>\n\t\t\t\t<article class=\"elementor-post elementor-grid-item post-8896 post type-post status-publish format-standard hentry category-uncategorized\" role=\"listitem\">\n\t\t\t\t<div class=\"elementor-post__text\">\n\t\t\t\t<h3 class=\"elementor-post__title\">\n\t\t\t<a href=\"https:\/\/www.mfrenovables.com\/pt\/soluciones-inclinadas-en-cubiertas-lastradas-con-bordillos-mfblock\/\" >\n\t\t\t\tSoluciones Inclinadas en Cubiertas Lastradas con Bordillos MFBLOCK\t\t\t<\/a>\n\t\t<\/h3>\n\t\t\t\t<div class=\"elementor-post__meta-data\">\n\t\t\t\t\t<span class=\"elementor-post-date\">\n\t\t\tFevereiro 24, 2026\t\t<\/span>\n\t\t\t\t<span class=\"elementor-post-avatar\">\n\t\t\tSem coment\u00e1rios\t\t<\/span>\n\t\t\t\t<\/div>\n\t\t\n\t\t<a class=\"elementor-post__read-more\" href=\"https:\/\/www.mfrenovables.com\/pt\/soluciones-inclinadas-en-cubiertas-lastradas-con-bordillos-mfblock\/\" aria-label=\"Read more about Soluciones Inclinadas en Cubiertas Lastradas con Bordillos MFBLOCK\" tabindex=\"-1\" >\n\t\t\tLer mais \u00bb\t\t<\/a>\n\n\t\t\t\t<\/div>\n\t\t\t\t<\/article>\n\t\t\t\t<article class=\"elementor-post elementor-grid-item post-8891 post type-post status-publish format-standard hentry category-uncategorized\" role=\"listitem\">\n\t\t\t\t<div class=\"elementor-post__text\">\n\t\t\t\t<h3 class=\"elementor-post__title\">\n\t\t\t<a href=\"https:\/\/www.mfrenovables.com\/pt\/solucione\/\" >\n\t\t\t\tSolucione\t\t\t<\/a>\n\t\t<\/h3>\n\t\t\t\t<div class=\"elementor-post__meta-data\">\n\t\t\t\t\t<span class=\"elementor-post-date\">\n\t\t\tFevereiro 24, 2026\t\t<\/span>\n\t\t\t\t<span class=\"elementor-post-avatar\">\n\t\t\tSem coment\u00e1rios\t\t<\/span>\n\t\t\t\t<\/div>\n\t\t\n\t\t<a class=\"elementor-post__read-more\" href=\"https:\/\/www.mfrenovables.com\/pt\/solucione\/\" aria-label=\"Read more about Solucione\" tabindex=\"-1\" >\n\t\t\tLer mais \u00bb\t\t<\/a>\n\n\t\t\t\t<\/div>\n\t\t\t\t<\/article>\n\t\t\t\t<\/div>\n\t\t\n\t\t\t\t\t\t<\/div>\n\t\t\t\t<\/div>\n\t\t\t\t<\/div>\n\t\t<div class=\"elementor-element elementor-element-4c0a28a e-con-full elementor-hidden-desktop elementor-hidden-tablet elementor-hidden-mobile e-flex e-con e-child\" data-id=\"4c0a28a\" data-element_type=\"container\" data-e-type=\"container\" data-settings=\"{&quot;background_background&quot;:&quot;classic&quot;}\">\n\t\t\t\t<div class=\"elementor-element elementor-element-368f5d1 elementor-widget elementor-widget-heading\" data-id=\"368f5d1\" data-element_type=\"widget\" data-e-type=\"widget\" data-widget_type=\"heading.default\">\n\t\t\t\t<div class=\"elementor-widget-container\">\n\t\t\t\t\t<h2 class=\"elementor-heading-title elementor-size-default\">Partilhar<\/h2>\t\t\t\t<\/div>\n\t\t\t\t<\/div>\n\t\t\t\t<div class=\"elementor-element elementor-element-4bbd266 elementor-shape-circle e-grid-align-left elementor-grid-0 elementor-widget elementor-widget-social-icons\" data-id=\"4bbd266\" data-element_type=\"widget\" data-e-type=\"widget\" data-widget_type=\"social-icons.default\">\n\t\t\t\t<div class=\"elementor-widget-container\">\n\t\t\t\t\t\t\t<div class=\"elementor-social-icons-wrapper elementor-grid\" role=\"list\">\n\t\t\t\t\t\t\t<span class=\"elementor-grid-item\" role=\"listitem\">\n\t\t\t\t\t<a class=\"elementor-icon elementor-social-icon elementor-social-icon-facebook elementor-repeater-item-71e6d24\" target=\"_blank\">\n\t\t\t\t\t\t<span class=\"elementor-screen-only\">Facebook<\/span>\n\t\t\t\t\t\t<svg aria-hidden=\"true\" class=\"e-font-icon-svg e-fab-facebook\" viewbox=\"0 0 512 512\" xmlns=\"http:\/\/www.w3.org\/2000\/svg\"><path d=\"M504 256C504 119 393 8 256 8S8 119 8 256c0 123.78 90.69 226.38 209.25 245V327.69h-63V256h63v-54.64c0-62.15 37-96.48 93.67-96.48 27.14 0 55.52 4.84 55.52 4.84v61h-31.28c-30.8 0-40.41 19.12-40.41 38.73V256h68.78l-11 71.69h-57.78V501C413.31 482.38 504 379.78 504 256z\"><\/path><\/svg>\t\t\t\t\t<\/a>\n\t\t\t\t<\/span>\n\t\t\t\t\t\t\t<span class=\"elementor-grid-item\" role=\"listitem\">\n\t\t\t\t\t<a class=\"elementor-icon elementor-social-icon elementor-social-icon-twitter elementor-repeater-item-12db72f\" target=\"_blank\">\n\t\t\t\t\t\t<span class=\"elementor-screen-only\">Twitter<\/span>\n\t\t\t\t\t\t<svg aria-hidden=\"true\" class=\"e-font-icon-svg e-fab-twitter\" viewbox=\"0 0 512 512\" xmlns=\"http:\/\/www.w3.org\/2000\/svg\"><path d=\"M459.37 151.716c.325 4.548.325 9.097.325 13.645 0 138.72-105.583 298.558-298.558 298.558-59.452 0-114.68-17.219-161.137-47.106 8.447.974 16.568 1.299 25.34 1.299 49.055 0 94.213-16.568 130.274-44.832-46.132-.975-84.792-31.188-98.112-72.772 6.498.974 12.995 1.624 19.818 1.624 9.421 0 18.843-1.3 27.614-3.573-48.081-9.747-84.143-51.98-84.143-102.985v-1.299c13.969 7.797 30.214 12.67 47.431 13.319-28.264-18.843-46.781-51.005-46.781-87.391 0-19.492 5.197-37.36 14.294-52.954 51.655 63.675 129.3 105.258 216.365 109.807-1.624-7.797-2.599-15.918-2.599-24.04 0-57.828 46.782-104.934 104.934-104.934 30.213 0 57.502 12.67 76.67 33.137 23.715-4.548 46.456-13.32 66.599-25.34-7.798 24.366-24.366 44.833-46.132 57.827 21.117-2.273 41.584-8.122 60.426-16.243-14.292 20.791-32.161 39.308-52.628 54.253z\"><\/path><\/svg>\t\t\t\t\t<\/a>\n\t\t\t\t<\/span>\n\t\t\t\t\t\t\t<span class=\"elementor-grid-item\" role=\"listitem\">\n\t\t\t\t\t<a class=\"elementor-icon elementor-social-icon elementor-social-icon-linkedin elementor-repeater-item-2ba4709\" target=\"_blank\">\n\t\t\t\t\t\t<span class=\"elementor-screen-only\">Linkedin<\/span>\n\t\t\t\t\t\t<svg aria-hidden=\"true\" class=\"e-font-icon-svg e-fab-linkedin\" viewbox=\"0 0 448 512\" xmlns=\"http:\/\/www.w3.org\/2000\/svg\"><path d=\"M416 32H31.9C14.3 32 0 46.5 0 64.3v383.4C0 465.5 14.3 480 31.9 480H416c17.6 0 32-14.5 32-32.3V64.3c0-17.8-14.4-32.3-32-32.3zM135.4 416H69V202.2h66.5V416zm-33.2-243c-21.3 0-38.5-17.3-38.5-38.5S80.9 96 102.2 96c21.2 0 38.5 17.3 38.5 38.5 0 21.3-17.2 38.5-38.5 38.5zm282.1 243h-66.4V312c0-24.8-.5-56.7-34.5-56.7-34.6 0-39.9 27-39.9 54.9V416h-66.4V202.2h63.7v29.2h.9c8.9-16.8 30.6-34.5 62.9-34.5 67.2 0 79.7 44.3 79.7 101.9V416z\"><\/path><\/svg>\t\t\t\t\t<\/a>\n\t\t\t\t<\/span>\n\t\t\t\t\t\t\t<span class=\"elementor-grid-item\" role=\"listitem\">\n\t\t\t\t\t<a class=\"elementor-icon elementor-social-icon elementor-social-icon-instagram elementor-repeater-item-de80bf1\" target=\"_blank\">\n\t\t\t\t\t\t<span class=\"elementor-screen-only\">Instagram<\/span>\n\t\t\t\t\t\t<svg aria-hidden=\"true\" class=\"e-font-icon-svg e-fab-instagram\" viewbox=\"0 0 448 512\" xmlns=\"http:\/\/www.w3.org\/2000\/svg\"><path d=\"M224.1 141c-63.6 0-114.9 51.3-114.9 114.9s51.3 114.9 114.9 114.9S339 319.5 339 255.9 287.7 141 224.1 141zm0 189.6c-41.1 0-74.7-33.5-74.7-74.7s33.5-74.7 74.7-74.7 74.7 33.5 74.7 74.7-33.6 74.7-74.7 74.7zm146.4-194.3c0 14.9-12 26.8-26.8 26.8-14.9 0-26.8-12-26.8-26.8s12-26.8 26.8-26.8 26.8 12 26.8 26.8zm76.1 27.2c-1.7-35.9-9.9-67.7-36.2-93.9-26.2-26.2-58-34.4-93.9-36.2-37-2.1-147.9-2.1-184.9 0-35.8 1.7-67.6 9.9-93.9 36.1s-34.4 58-36.2 93.9c-2.1 37-2.1 147.9 0 184.9 1.7 35.9 9.9 67.7 36.2 93.9s58 34.4 93.9 36.2c37 2.1 147.9 2.1 184.9 0 35.9-1.7 67.7-9.9 93.9-36.2 26.2-26.2 34.4-58 36.2-93.9 2.1-37 2.1-147.8 0-184.8zM398.8 388c-7.8 19.6-22.9 34.7-42.6 42.6-29.5 11.7-99.5 9-132.1 9s-102.7 2.6-132.1-9c-19.6-7.8-34.7-22.9-42.6-42.6-11.7-29.5-9-99.5-9-132.1s-2.6-102.7 9-132.1c7.8-19.6 22.9-34.7 42.6-42.6 29.5-11.7 99.5-9 132.1-9s102.7-2.6 132.1 9c19.6 7.8 34.7 22.9 42.6 42.6 11.7 29.5 9 99.5 9 132.1s2.7 102.7-9 132.1z\"><\/path><\/svg>\t\t\t\t\t<\/a>\n\t\t\t\t<\/span>\n\t\t\t\t\t<\/div>\n\t\t\t\t\t\t<\/div>\n\t\t\t\t<\/div>\n\t\t\t\t<\/div>\n\t\t\t\t<\/div>\n\t\t\t\t<\/div>\n\t\t\t\t\t<\/div>\n\t\t\t\t<\/div>\n\t\t\t\t<\/div>","protected":false},"excerpt":{"rendered":"<p>Na Metal Frame Renovables, cada \u00e1rea tem o seu pr\u00f3prio objetivo, mas existem departamentos<br \/>\nque, devido ao seu car\u00e1cter transversal, se tornam a verdadeira espinha dorsal do<br \/>\nfuncionamento di\u00e1rio.<\/p>","protected":false},"author":1,"featured_media":5992,"comment_status":"closed","ping_status":"open","sticky":false,"template":"elementor_header_footer","format":"standard","meta":{"_jetpack_memberships_contains_paid_content":false,"footnotes":""},"categories":[1],"tags":[],"class_list":["post-5979","post","type-post","status-publish","format-standard","has-post-thumbnail","hentry","category-uncategorized"],"jetpack_featured_media_url":"https:\/\/www.mfrenovables.com\/wp-content\/uploads\/2025\/06\/recursos-blog-mfr6.webp","jetpack_sharing_enabled":true,"_links":{"self":[{"href":"https:\/\/www.mfrenovables.com\/pt\/wp-json\/wp\/v2\/posts\/5979","targetHints":{"allow":["GET"]}}],"collection":[{"href":"https:\/\/www.mfrenovables.com\/pt\/wp-json\/wp\/v2\/posts"}],"about":[{"href":"https:\/\/www.mfrenovables.com\/pt\/wp-json\/wp\/v2\/types\/post"}],"author":[{"embeddable":true,"href":"https:\/\/www.mfrenovables.com\/pt\/wp-json\/wp\/v2\/users\/1"}],"replies":[{"embeddable":true,"href":"https:\/\/www.mfrenovables.com\/pt\/wp-json\/wp\/v2\/comments?post=5979"}],"version-history":[{"count":26,"href":"https:\/\/www.mfrenovables.com\/pt\/wp-json\/wp\/v2\/posts\/5979\/revisions"}],"predecessor-version":[{"id":6019,"href":"https:\/\/www.mfrenovables.com\/pt\/wp-json\/wp\/v2\/posts\/5979\/revisions\/6019"}],"wp:featuredmedia":[{"embeddable":true,"href":"https:\/\/www.mfrenovables.com\/pt\/wp-json\/wp\/v2\/media\/5992"}],"wp:attachment":[{"href":"https:\/\/www.mfrenovables.com\/pt\/wp-json\/wp\/v2\/media?parent=5979"}],"wp:term":[{"taxonomy":"category","embeddable":true,"href":"https:\/\/www.mfrenovables.com\/pt\/wp-json\/wp\/v2\/categories?post=5979"},{"taxonomy":"post_tag","embeddable":true,"href":"https:\/\/www.mfrenovables.com\/pt\/wp-json\/wp\/v2\/tags?post=5979"}],"curies":[{"name":"wp","href":"https:\/\/api.w.org\/{rel}","templated":true}]}}