{"id":904,"date":"2025-01-10T10:36:27","date_gmt":"2025-01-10T10:36:27","guid":{"rendered":"https:\/\/www.mfrenovables.com\/?p=904"},"modified":"2025-07-14T11:35:24","modified_gmt":"2025-07-14T11:35:24","slug":"genera-2024-tudo-o-que-precisa-de-saber-sobre-a-principal-feira-de-energias-renovaveis","status":"publish","type":"post","link":"https:\/\/www.mfrenovables.com\/pt\/genera-2024-todo-lo-que-debes-saber-sobre-la-feria-lider-en-energias-renovables\/","title":{"rendered":"GENERA 2024: \u2018Tudo o que precisa de saber sobre a principal feira de energias renov\u00e1veis\u2019."},"content":{"rendered":"<div data-elementor-type=\"wp-post\" data-elementor-id=\"904\" class=\"elementor elementor-904\" data-elementor-post-type=\"post\">\n\t\t\t\t<div class=\"elementor-element elementor-element-bb2970a e-flex e-con-boxed e-con e-parent\" data-id=\"bb2970a\" data-element_type=\"container\" data-e-type=\"container\">\n\t\t\t\t\t<div class=\"e-con-inner\">\n\t\t<div class=\"elementor-element elementor-element-cd79b64 e-con-full e-flex e-con e-child\" data-id=\"cd79b64\" data-element_type=\"container\" data-e-type=\"container\">\n\t\t<div class=\"elementor-element elementor-element-b4b2658 e-con-full e-flex e-con e-child\" data-id=\"b4b2658\" data-element_type=\"container\" data-e-type=\"container\">\n\t\t<div class=\"elementor-element elementor-element-8e48f7e e-con-full e-flex e-con e-child\" data-id=\"8e48f7e\" data-element_type=\"container\" data-e-type=\"container\">\n\t\t\t\t<div class=\"elementor-element elementor-element-11c1dc5 elementor-widget elementor-widget-heading\" data-id=\"11c1dc5\" data-element_type=\"widget\" data-e-type=\"widget\" data-widget_type=\"heading.default\">\n\t\t\t\t<div class=\"elementor-widget-container\">\n\t\t\t\t\t<h1 class=\"elementor-heading-title elementor-size-default\">GENERA 2024: \u2018Tudo o que precisa de saber sobre a principal feira de energias renov\u00e1veis\u2019.<\/h1>\t\t\t\t<\/div>\n\t\t\t\t<\/div>\n\t\t\t\t<\/div>\n\t\t\t\t<div class=\"elementor-element elementor-element-92104a1 elementor-widget__width-inherit elementor-widget elementor-widget-image\" data-id=\"92104a1\" data-element_type=\"widget\" data-e-type=\"widget\" data-widget_type=\"image.default\">\n\t\t\t\t<div class=\"elementor-widget-container\">\n\t\t\t\t\t\t\t\t\t\t\t\t\t\t\t<img fetchpriority=\"high\" decoding=\"async\" width=\"1920\" height=\"1080\" src=\"https:\/\/www.mfrenovables.com\/wp-content\/uploads\/2025\/01\/1-2.png\" class=\"attachment-full size-full wp-image-905\" alt=\"\" srcset=\"https:\/\/www.mfrenovables.com\/wp-content\/uploads\/2025\/01\/1-2.png 1920w, https:\/\/www.mfrenovables.com\/wp-content\/uploads\/2025\/01\/1-2-600x338.png 600w, https:\/\/www.mfrenovables.com\/wp-content\/uploads\/2025\/01\/1-2-300x169.png 300w, https:\/\/www.mfrenovables.com\/wp-content\/uploads\/2025\/01\/1-2-1024x576.png 1024w, https:\/\/www.mfrenovables.com\/wp-content\/uploads\/2025\/01\/1-2-768x432.png 768w, https:\/\/www.mfrenovables.com\/wp-content\/uploads\/2025\/01\/1-2-1536x864.png 1536w\" sizes=\"(max-width: 1920px) 100vw, 1920px\" \/>\t\t\t\t\t\t\t\t\t\t\t\t\t\t\t<\/div>\n\t\t\t\t<\/div>\n\t\t<div class=\"elementor-element elementor-element-47e2038 e-con-full e-flex e-con e-child\" data-id=\"47e2038\" data-element_type=\"container\" data-e-type=\"container\">\n\t\t<div class=\"elementor-element elementor-element-8d2e894 e-con-full elementor-hidden-desktop elementor-hidden-tablet elementor-hidden-mobile e-flex e-con e-child\" data-id=\"8d2e894\" data-element_type=\"container\" data-e-type=\"container\">\n\t\t<div class=\"elementor-element elementor-element-51c9a9c e-con-full e-flex e-con e-child\" data-id=\"51c9a9c\" data-element_type=\"container\" data-e-type=\"container\">\n\t\t\t\t<div class=\"elementor-element elementor-element-c0f7a23 elementor-widget elementor-widget-image\" data-id=\"c0f7a23\" data-element_type=\"widget\" data-e-type=\"widget\" data-widget_type=\"image.default\">\n\t\t\t\t<div class=\"elementor-widget-container\">\n\t\t\t\t\t\t\t\t\t\t\t\t\t\t\t<img decoding=\"async\" src=\"https:\/\/www.mfrenovables.com\/wp-content\/uploads\/elementor\/thumbs\/Metalframe-blog2-22-r12digjul9o4dg6e4gpwikorfz2n5kp70yqdf0odhc.webp\" title=\"Blogue Metalframe2-22\" alt=\"Blogue Metalframe2-22\" loading=\"lazy\" \/>\t\t\t\t\t\t\t\t\t\t\t\t\t\t\t<\/div>\n\t\t\t\t<\/div>\n\t\t\t\t<\/div>\n\t\t<div class=\"elementor-element elementor-element-db742e9 e-con-full e-flex e-con e-child\" data-id=\"db742e9\" data-element_type=\"container\" data-e-type=\"container\">\n\t\t\t\t<div class=\"elementor-element elementor-element-a5abd37 elementor-widget elementor-widget-heading\" data-id=\"a5abd37\" data-element_type=\"widget\" data-e-type=\"widget\" data-widget_type=\"heading.default\">\n\t\t\t\t<div class=\"elementor-widget-container\">\n\t\t\t\t\t<h2 class=\"elementor-heading-title elementor-size-default\">O que \u00e9 a agrovoltaica?<\/h2>\t\t\t\t<\/div>\n\t\t\t\t<\/div>\n\t\t\t\t<div class=\"elementor-element elementor-element-277decb elementor-widget elementor-widget-text-editor\" data-id=\"277decb\" data-element_type=\"widget\" data-e-type=\"widget\" data-widget_type=\"text-editor.default\">\n\t\t\t\t<div class=\"elementor-widget-container\">\n\t\t\t\t\t\t\t\t\t<p>A agrovoltaica \u00e9 a utiliza\u00e7\u00e3o combinada, na mesma \u00e1rea de terreno, de<br \/>para a produ\u00e7\u00e3o agr\u00edcola, como utiliza\u00e7\u00e3o prim\u00e1ria, bem como para a produ\u00e7\u00e3o de<br \/>eletricidade atrav\u00e9s de um sistema fotovoltaico, como utiliza\u00e7\u00e3o secund\u00e1ria. Em contraste com<br \/>instala\u00e7\u00f5es fotovoltaicas convencionais, este sistema foi concebido para<br \/>coexistem com as culturas, proporcionando um benef\u00edcio m\u00fatuo para a produ\u00e7\u00e3o<br \/>para a agricultura, bem como para a produ\u00e7\u00e3o de energias renov\u00e1veis.<\/p>\t\t\t\t\t\t\t\t<\/div>\n\t\t\t\t<\/div>\n\t\t\t\t<div class=\"elementor-element elementor-element-bcfb147 elementor-widget elementor-widget-heading\" data-id=\"bcfb147\" data-element_type=\"widget\" data-e-type=\"widget\" data-widget_type=\"heading.default\">\n\t\t\t\t<div class=\"elementor-widget-container\">\n\t\t\t\t\t<h2 class=\"elementor-heading-title elementor-size-default\">Como \u00e9 que funciona?<\/h2>\t\t\t\t<\/div>\n\t\t\t\t<\/div>\n\t\t\t\t<div class=\"elementor-element elementor-element-44f71bb elementor-widget elementor-widget-text-editor\" data-id=\"44f71bb\" data-element_type=\"widget\" data-e-type=\"widget\" data-widget_type=\"text-editor.default\">\n\t\t\t\t<div class=\"elementor-widget-container\">\n\t\t\t\t\t\t\t\t\t<p>Os m\u00f3dulos fotovoltaicos s\u00e3o instalados a uma altura e orienta\u00e7\u00e3o que permitem a<br \/>luz suficiente para que as culturas se desenvolvam corretamente.<br \/>Al\u00e9m disso, alguns sistemas podem incluir seguidores solares que optimizam a<br \/>recolha de energia sem comprometer a fotoss\u00edntese das plantas.<\/p>\t\t\t\t\t\t\t\t<\/div>\n\t\t\t\t<\/div>\n\t\t\t\t<\/div>\n\t\t\t\t<\/div>\n\t\t<div class=\"elementor-element elementor-element-3893e18 e-con-full e-flex e-con e-child\" data-id=\"3893e18\" data-element_type=\"container\" data-e-type=\"container\">\n\t\t<div class=\"elementor-element elementor-element-7267c41 e-con-full e-flex e-con e-child\" data-id=\"7267c41\" data-element_type=\"container\" data-e-type=\"container\">\n\t\t\t\t<div class=\"elementor-element elementor-element-277e14d elementor-widget elementor-widget-text-editor\" data-id=\"277e14d\" data-element_type=\"widget\" data-e-type=\"widget\" data-widget_type=\"text-editor.default\">\n\t\t\t\t<div class=\"elementor-widget-container\">\n\t\t\t\t\t\t\t\t\t<p>A feira <strong>Gera 2024<\/strong>, O principal evento de energias renov\u00e1veis e sustentabilidade tem lugar em Madrid, consolidando a sua posi\u00e7\u00e3o como um ponto de encontro fundamental para profissionais e empresas do sector das energias renov\u00e1veis. O evento re\u00fane especialistas, inovadores e l\u00edderes do sector para explorar as \u00faltimas tend\u00eancias em energia solar, e\u00f3lica, armazenamento de energia e solu\u00e7\u00f5es sustent\u00e1veis.<\/p><p>Com destaque para a transi\u00e7\u00e3o energ\u00e9tica e a luta contra as altera\u00e7\u00f5es clim\u00e1ticas, <strong>Gera 2024<\/strong> \u00e9 um evento imperd\u00edvel para quem procura estar na vanguarda das tecnologias ecol\u00f3gicas e tirar partido das oportunidades de cria\u00e7\u00e3o de redes.<\/p><p>A Metal Frame Renovables participa na Genera h\u00e1 quatro gera\u00e7\u00f5es como expositor, onde mostramos os nossos mais recentes sistemas estruturais para m\u00f3dulos fotovoltaicos. Convidamos todos os participantes na feira Genera 2025 a visitar-nos e a saber mais sobre como estamos a contribuir para o desenvolvimento de um futuro mais sustent\u00e1vel.<\/p><p>Nesta \u00faltima edi\u00e7\u00e3o da Feira Genera 24, represent\u00e1mos a <strong>Agrovoltaicos<\/strong> como um ator-chave no futuro das energias renov\u00e1veis. Esta t\u00e9cnica combina a produ\u00e7\u00e3o de energia solar com a utiliza\u00e7\u00e3o eficiente dos terrenos agr\u00edcolas. A nossa equipa esteve presente para fornecer informa\u00e7\u00f5es detalhadas e promover esta solu\u00e7\u00e3o como uma alternativa sustent\u00e1vel para agricultores e empresas do sector energ\u00e9tico.<\/p><p>Muitos de v\u00f3s podem estar a perguntar-se, o que \u00e9 a Agrovoltaica? Convidamo-lo a explorar o nosso artigo sobre Agrovoltaica.<\/p>\t\t\t\t\t\t\t\t<\/div>\n\t\t\t\t<\/div>\n\t\t\t\t<\/div>\n\t\t<div class=\"elementor-element elementor-element-60357c6 e-con-full e-flex e-con e-child\" data-id=\"60357c6\" data-element_type=\"container\" data-e-type=\"container\">\n\t\t\t\t<div class=\"elementor-element elementor-element-438df53 elementor-widget elementor-widget-image\" data-id=\"438df53\" data-element_type=\"widget\" data-e-type=\"widget\" data-widget_type=\"image.default\">\n\t\t\t\t<div class=\"elementor-widget-container\">\n\t\t\t\t\t\t\t\t\t\t\t\t\t\t\t<img decoding=\"async\" width=\"800\" height=\"630\" src=\"https:\/\/www.mfrenovables.com\/wp-content\/uploads\/2025\/01\/2-1024x807.jpeg\" class=\"attachment-large size-large wp-image-907\" alt=\"\" srcset=\"https:\/\/www.mfrenovables.com\/wp-content\/uploads\/2025\/01\/2-1024x807.jpeg 1024w, https:\/\/www.mfrenovables.com\/wp-content\/uploads\/2025\/01\/2-600x473.jpeg 600w, https:\/\/www.mfrenovables.com\/wp-content\/uploads\/2025\/01\/2-300x236.jpeg 300w, https:\/\/www.mfrenovables.com\/wp-content\/uploads\/2025\/01\/2-768x605.jpeg 768w, https:\/\/www.mfrenovables.com\/wp-content\/uploads\/2025\/01\/2.jpeg 1080w\" sizes=\"(max-width: 800px) 100vw, 800px\" \/>\t\t\t\t\t\t\t\t\t\t\t\t\t\t\t<\/div>\n\t\t\t\t<\/div>\n\t\t\t\t<\/div>\n\t\t\t\t<\/div>\n\t\t<div class=\"elementor-element elementor-element-fd45f80 e-con-full elementor-hidden-desktop elementor-hidden-tablet elementor-hidden-mobile e-flex e-con e-child\" data-id=\"fd45f80\" data-element_type=\"container\" data-e-type=\"container\">\n\t\t<div class=\"elementor-element elementor-element-326fd0a e-con-full e-flex e-con e-child\" data-id=\"326fd0a\" data-element_type=\"container\" data-e-type=\"container\">\n\t\t\t\t<div class=\"elementor-element elementor-element-cfaf980 elementor-widget elementor-widget-image\" data-id=\"cfaf980\" data-element_type=\"widget\" data-e-type=\"widget\" data-widget_type=\"image.default\">\n\t\t\t\t<div class=\"elementor-widget-container\">\n\t\t\t\t\t\t\t\t\t\t\t\t\t\t\t<img decoding=\"async\" width=\"701\" height=\"1024\" src=\"https:\/\/www.mfrenovables.com\/wp-content\/uploads\/2025\/02\/Metalframe-blog2-20-701x1024.webp\" class=\"attachment-large size-large wp-image-3971\" alt=\"\" srcset=\"https:\/\/www.mfrenovables.com\/wp-content\/uploads\/2025\/02\/Metalframe-blog2-20-701x1024.webp 701w, https:\/\/www.mfrenovables.com\/wp-content\/uploads\/2025\/02\/Metalframe-blog2-20-205x300.webp 205w, https:\/\/www.mfrenovables.com\/wp-content\/uploads\/2025\/02\/Metalframe-blog2-20-768x1122.webp 768w, https:\/\/www.mfrenovables.com\/wp-content\/uploads\/2025\/02\/Metalframe-blog2-20-600x876.webp 600w, https:\/\/www.mfrenovables.com\/wp-content\/uploads\/2025\/02\/Metalframe-blog2-20.webp 801w\" sizes=\"(max-width: 701px) 100vw, 701px\" \/>\t\t\t\t\t\t\t\t\t\t\t\t\t\t\t<\/div>\n\t\t\t\t<\/div>\n\t\t\t\t<\/div>\n\t\t<div class=\"elementor-element elementor-element-8ba522e e-con-full e-flex e-con e-child\" data-id=\"8ba522e\" data-element_type=\"container\" data-e-type=\"container\">\n\t\t\t\t<div class=\"elementor-element elementor-element-921f8da elementor-widget elementor-widget-heading\" data-id=\"921f8da\" data-element_type=\"widget\" data-e-type=\"widget\" data-widget_type=\"heading.default\">\n\t\t\t\t<div class=\"elementor-widget-container\">\n\t\t\t\t\t<h2 class=\"elementor-heading-title elementor-size-default\">Exemplos de agrovoltaicos em a\u00e7\u00e3o<\/h2>\t\t\t\t<\/div>\n\t\t\t\t<\/div>\n\t\t\t\t<div class=\"elementor-element elementor-element-c57c7db elementor-widget elementor-widget-text-editor\" data-id=\"c57c7db\" data-element_type=\"widget\" data-e-type=\"widget\" data-widget_type=\"text-editor.default\">\n\t\t\t\t<div class=\"elementor-widget-container\">\n\t\t\t\t\t\t\t\t\t<p>Em regi\u00f5es como Castela e Le\u00e3o e Badajoz, foram implementados projectos<br \/>sistemas agrovoltaicos que combinam campos de culturas como os cereais, as oliveiras e as vinhas com<br \/>m\u00f3dulos fotovoltaicos. Em Fran\u00e7a, est\u00e3o tamb\u00e9m em curso investiga\u00e7\u00f5es sobre a<br \/>sobre a forma de otimizar os rendimentos de culturas espec\u00edficas em sistemas espec\u00edficos.<br \/>agrovoltaica.<br \/>Por exemplo, um projeto recente em M\u00farcia est\u00e1 a avaliar o efeito dos m\u00f3dulos<br \/>fotovoltaica em produtos hort\u00edcolas e plantas arom\u00e1ticas.<br \/>Neste tipo de projeto, n\u00e3o se obt\u00eam apenas benef\u00edcios ambientais e econ\u00f3micos,<br \/>mas tamb\u00e9m gera conhecimentos essenciais para o desenvolvimento futuro da tecnologia.<\/p>\t\t\t\t\t\t\t\t<\/div>\n\t\t\t\t<\/div>\n\t\t\t\t<\/div>\n\t\t\t\t<\/div>\n\t\t<div class=\"elementor-element elementor-element-57a37a0 e-con-full elementor-hidden-desktop elementor-hidden-tablet elementor-hidden-mobile e-flex e-con e-child\" data-id=\"57a37a0\" data-element_type=\"container\" data-e-type=\"container\">\n\t\t<div class=\"elementor-element elementor-element-d1992e8 e-con-full e-flex e-con e-child\" data-id=\"d1992e8\" data-element_type=\"container\" data-e-type=\"container\">\n\t\t\t\t<div class=\"elementor-element elementor-element-9d4cd83 elementor-widget elementor-widget-heading\" data-id=\"9d4cd83\" data-element_type=\"widget\" data-e-type=\"widget\" data-widget_type=\"heading.default\">\n\t\t\t\t<div class=\"elementor-widget-container\">\n\t\t\t\t\t<h2 class=\"elementor-heading-title elementor-size-default\">Porque \u00e9 que a agrovoltaica est\u00e1 a ganhar popularidade?<\/h2>\t\t\t\t<\/div>\n\t\t\t\t<\/div>\n\t\t\t\t<div class=\"elementor-element elementor-element-e435db5 elementor-widget elementor-widget-text-editor\" data-id=\"e435db5\" data-element_type=\"widget\" data-e-type=\"widget\" data-widget_type=\"text-editor.default\">\n\t\t\t\t<div class=\"elementor-widget-container\">\n\t\t\t\t\t\t\t\t\t<p>A crescente preocupa\u00e7\u00e3o com a sustentabilidade e as altera\u00e7\u00f5es clim\u00e1ticas levou \u00e0<br \/>muitos pa\u00edses a procurar formas inovadoras de otimizar a utiliza\u00e7\u00e3o dos solos e de<br \/>diversifica\u00e7\u00e3o das fontes de energia. Neste contexto, a agrovoltaica surge como uma alternativa \u00e0<br \/>solu\u00e7\u00e3o ideal, uma vez que n\u00e3o s\u00f3 contribui para a descarboniza\u00e7\u00e3o do sistema energ\u00e9tico<br \/>e a redu\u00e7\u00e3o das emiss\u00f5es de carbono, mas tamb\u00e9m permite uma utiliza\u00e7\u00e3o mais eficiente dos recursos.<br \/>gest\u00e3o eficiente dos solos, contribuindo para refor\u00e7ar a seguran\u00e7a alimentar sem comprometer a<br \/>produ\u00e7\u00e3o de energia renov\u00e1vel.<br \/>Em pa\u00edses como o Jap\u00e3o, It\u00e1lia, Alemanha e Fran\u00e7a, esta tecnologia est\u00e1 a avan\u00e7ar.<br \/>Em Espanha, no entanto, o potencial \u00e9 enorme devido \u00e0 grande<br \/>A extens\u00e3o das terras agr\u00edcolas e o elevado n\u00edvel de radia\u00e7\u00e3o solar n\u00e3o terminam, no entanto, com a<br \/>para descolar porque n\u00e3o dispomos de uma defini\u00e7\u00e3o ou de um regulamento do movimento para a frente.<br \/>desta tecnologia.<\/p>\t\t\t\t\t\t\t\t<\/div>\n\t\t\t\t<\/div>\n\t\t\t\t<\/div>\n\t\t<div class=\"elementor-element elementor-element-7090b81 e-con-full e-flex e-con e-child\" data-id=\"7090b81\" data-element_type=\"container\" data-e-type=\"container\">\n\t\t\t\t<div class=\"elementor-element elementor-element-2904f17 elementor-widget elementor-widget-text-editor\" data-id=\"2904f17\" data-element_type=\"widget\" data-e-type=\"widget\" data-widget_type=\"text-editor.default\">\n\t\t\t\t<div class=\"elementor-widget-container\">\n\t\t\t\t\t\t\t\t\t<p>A agrovoltaica n\u00e3o \u00e9 apenas uma tend\u00eancia passageira, \u00e9 uma tecnologia que j\u00e1 chegou.<br \/>para ficar e evoluir. A sua capacidade de combinar a produ\u00e7\u00e3o alimentar com<br \/>e energia torna-o um ator-chave na resposta aos desafios das altera\u00e7\u00f5es clim\u00e1ticas.<br \/>e a seguran\u00e7a alimentar. Nas pr\u00f3ximas publica\u00e7\u00f5es, exploraremos mais pormenorizadamente<br \/>pormenores sobre o seu funcionamento, as suas aplica\u00e7\u00f5es pr\u00e1ticas e o seu impacto na<br \/>comunidades rurais.<\/p>\t\t\t\t\t\t\t\t<\/div>\n\t\t\t\t<\/div>\n\t\t\t\t<\/div>\n\t\t\t\t<\/div>\n\t\t<div class=\"elementor-element elementor-element-457d0e3 e-con-full elementor-hidden-desktop elementor-hidden-tablet elementor-hidden-mobile e-flex e-con e-child\" data-id=\"457d0e3\" data-element_type=\"container\" data-e-type=\"container\">\n\t\t<div class=\"elementor-element elementor-element-2e4b008 e-con-full e-flex e-con e-child\" data-id=\"2e4b008\" data-element_type=\"container\" data-e-type=\"container\">\n\t\t\t\t<div class=\"elementor-element elementor-element-6fd1720 elementor-widget elementor-widget-image\" data-id=\"6fd1720\" data-element_type=\"widget\" data-e-type=\"widget\" data-widget_type=\"image.default\">\n\t\t\t\t<div class=\"elementor-widget-container\">\n\t\t\t\t\t\t\t\t\t\t\t\t\t\t\t<img loading=\"lazy\" decoding=\"async\" width=\"701\" height=\"1024\" src=\"https:\/\/www.mfrenovables.com\/wp-content\/uploads\/2025\/02\/Metalframe-blog2-19-701x1024.webp\" class=\"attachment-large size-large wp-image-3976\" alt=\"\" srcset=\"https:\/\/www.mfrenovables.com\/wp-content\/uploads\/2025\/02\/Metalframe-blog2-19-701x1024.webp 701w, https:\/\/www.mfrenovables.com\/wp-content\/uploads\/2025\/02\/Metalframe-blog2-19-205x300.webp 205w, https:\/\/www.mfrenovables.com\/wp-content\/uploads\/2025\/02\/Metalframe-blog2-19-768x1122.webp 768w, https:\/\/www.mfrenovables.com\/wp-content\/uploads\/2025\/02\/Metalframe-blog2-19-600x876.webp 600w, https:\/\/www.mfrenovables.com\/wp-content\/uploads\/2025\/02\/Metalframe-blog2-19.webp 801w\" sizes=\"(max-width: 701px) 100vw, 701px\" \/>\t\t\t\t\t\t\t\t\t\t\t\t\t\t\t<\/div>\n\t\t\t\t<\/div>\n\t\t\t\t<\/div>\n\t\t<div class=\"elementor-element elementor-element-45af6a0 e-con-full e-flex e-con e-child\" data-id=\"45af6a0\" data-element_type=\"container\" data-e-type=\"container\">\n\t\t\t\t<div class=\"elementor-element elementor-element-394d3a4 elementor-widget elementor-widget-text-editor\" data-id=\"394d3a4\" data-element_type=\"widget\" data-e-type=\"widget\" data-widget_type=\"text-editor.default\">\n\t\t\t\t<div class=\"elementor-widget-container\">\n\t\t\t\t\t\t\t\t\t<p data-pm-slice=\"1 1 []\">A agrovoltaica n\u00e3o \u00e9 apenas uma solu\u00e7\u00e3o tecnol\u00f3gica, mas tamb\u00e9m um modelo abrangente para enfrentar os desafios das altera\u00e7\u00f5es clim\u00e1ticas e promover o desenvolvimento sustent\u00e1vel nas zonas rurais. A sua capacidade de <strong>reduzir as emiss\u00f5es, conservar os recursos naturais e melhorar a economia rural<\/strong> torna-a um instrumento fundamental na luta contra as altera\u00e7\u00f5es clim\u00e1ticas. Com o apoio e o financiamento adequados das pol\u00edticas p\u00fablicas, a sua ado\u00e7\u00e3o pode fazer uma diferen\u00e7a significativa a n\u00edvel mundial.<\/p><p>Em futuras publica\u00e7\u00f5es, exploraremos as inova\u00e7\u00f5es tecnol\u00f3gicas que est\u00e3o a impulsionar o seu desenvolvimento e as oportunidades de investimento para os pequenos agricultores.<\/p>\t\t\t\t\t\t\t\t<\/div>\n\t\t\t\t<\/div>\n\t\t\t\t<\/div>\n\t\t\t\t<\/div>\n\t\t<div class=\"elementor-element elementor-element-608fde0 e-con-full elementor-hidden-desktop elementor-hidden-tablet elementor-hidden-mobile e-flex e-con e-child\" data-id=\"608fde0\" data-element_type=\"container\" data-e-type=\"container\">\n\t\t<div class=\"elementor-element elementor-element-b63795d e-con-full e-flex e-con e-child\" data-id=\"b63795d\" data-element_type=\"container\" data-e-type=\"container\">\n\t\t\t\t<div class=\"elementor-element elementor-element-d6a8aa0 elementor-widget elementor-widget-text-editor\" data-id=\"d6a8aa0\" data-element_type=\"widget\" data-e-type=\"widget\" data-widget_type=\"text-editor.default\">\n\t\t\t\t<div class=\"elementor-widget-container\">\n\t\t\t\t\t\t\t\t\t<p>O <strong>agrovoltaico<\/strong> n\u00e3o s\u00f3 apresenta o futuro da sustentabilidade no sector agr\u00edcola, como \u00e9 tamb\u00e9m um dos nossos principais compromissos para contribuir para a transi\u00e7\u00e3o energ\u00e9tica global.<\/p><p>Para al\u00e9m da agrovoltaica, no stand da Metal Frame Renovables tivemos a oportunidade de apresentar as nossas outras solu\u00e7\u00f5es estrat\u00e9gicas que fazem parte do nosso cat\u00e1logo:<\/p><ul><li>Estrutura fixa: estruturas adequadas para grandes terrenos e projectos que procuram uma execu\u00e7\u00e3o r\u00e1pida e eficaz, aproveitando ao m\u00e1ximo as horas de sol.<\/li><li>Distribui\u00e7\u00e3o de kits de autoconsumo fotovoltaico: concebidos para casas e empresas que desejam reduzir os seus custos energ\u00e9ticos e a sua pegada de carbono.<\/li><li>Autoconsumo industrial em telhados: projectos \u00e0 medida para empresas que pretendem aproveitar ao m\u00e1ximo o potencial solar das suas instala\u00e7\u00f5es.<\/li><li>Seguidores solares: tecnologia avan\u00e7ada que optimiza a orienta\u00e7\u00e3o dos m\u00f3dulos fotovoltaicos, maximizando a produ\u00e7\u00e3o de energia.<\/li><li>Parques de estacionamento fotovoltaicos: solu\u00e7\u00f5es ideais para combinar funcionalidade e sustentabilidade em espa\u00e7os urbanos e empresariais.<\/li><\/ul><p>Estas linhas de neg\u00f3cio reflectem o nosso compromisso de oferecer solu\u00e7\u00f5es abrangentes que s\u00e3o adaptadas \u00e0s necessidades espec\u00edficas dos nossos clientes e contribuem para a transi\u00e7\u00e3o energ\u00e9tica global.<\/p><p>A Genera \u00e9 mais do que uma exposi\u00e7\u00e3o; \u00e9 um ponto de encontro para partilhar conhecimentos, explorar oportunidades e estabelecer colabora\u00e7\u00f5es estrat\u00e9gicas. Este ano, a nossa equipa esteve presente para responder a quest\u00f5es, apresentar os nossos projectos mais inovadores e demonstrar como as nossas solu\u00e7\u00f5es est\u00e3o a fazer a diferen\u00e7a no sector das energias renov\u00e1veis.<\/p><p>A participa\u00e7\u00e3o da Metal Frame Renovables no Genera 2024 foi um sucesso, destacando o nosso compromisso com a agrovoltaica e outras tecnologias chave para o desenvolvimento sustent\u00e1vel. Se estiver interessado em implementar algumas das nossas solu\u00e7\u00f5es ou saber mais sobre os nossos projectos, n\u00e3o hesite em contactar-nos.<\/p>\t\t\t\t\t\t\t\t<\/div>\n\t\t\t\t<\/div>\n\t\t\t\t<\/div>\n\t\t\t\t<\/div>\n\t\t<div class=\"elementor-element elementor-element-49e7e45 e-con-full e-flex e-con e-child\" data-id=\"49e7e45\" data-element_type=\"container\" data-e-type=\"container\">\n\t\t<div class=\"elementor-element elementor-element-667325f e-con-full e-flex e-con e-child\" data-id=\"667325f\" data-element_type=\"container\" data-e-type=\"container\">\n\t\t\t\t<\/div>\n\t\t\t\t<\/div>\n\t\t\t\t<\/div>\n\t\t\t\t<\/div>\n\t\t<div class=\"elementor-element elementor-element-d7e2a1f e-con-full e-flex e-con e-child\" data-id=\"d7e2a1f\" data-element_type=\"container\" data-e-type=\"container\">\n\t\t<div class=\"elementor-element elementor-element-ea71a4b e-con-full e-flex e-con e-child\" data-id=\"ea71a4b\" data-element_type=\"container\" data-e-type=\"container\" data-settings=\"{&quot;background_background&quot;:&quot;classic&quot;}\">\n\t\t\t\t<div class=\"elementor-element elementor-element-ceac4de elementor-widget elementor-widget-heading\" data-id=\"ceac4de\" data-element_type=\"widget\" data-e-type=\"widget\" data-widget_type=\"heading.default\">\n\t\t\t\t<div class=\"elementor-widget-container\">\n\t\t\t\t\t<h2 class=\"elementor-heading-title elementor-size-default\">Categorias<\/h2>\t\t\t\t<\/div>\n\t\t\t\t<\/div>\n\t\t\t\t<div class=\"elementor-element elementor-element-ecd79f9 elementor-icon-list--layout-traditional elementor-list-item-link-full_width elementor-widget elementor-widget-icon-list\" data-id=\"ecd79f9\" data-element_type=\"widget\" data-e-type=\"widget\" data-widget_type=\"icon-list.default\">\n\t\t\t\t<div class=\"elementor-widget-container\">\n\t\t\t\t\t\t\t<ul class=\"elementor-icon-list-items\">\n\t\t\t\t\t\t\t<li class=\"elementor-icon-list-item\">\n\t\t\t\t\t\t\t\t\t\t\t<span class=\"elementor-icon-list-icon\">\n\t\t\t\t\t\t\t<svg aria-hidden=\"true\" class=\"e-font-icon-svg e-far-folder\" viewbox=\"0 0 512 512\" xmlns=\"http:\/\/www.w3.org\/2000\/svg\"><path d=\"M464 128H272l-54.63-54.63c-6-6-14.14-9.37-22.63-9.37H48C21.49 64 0 85.49 0 112v288c0 26.51 21.49 48 48 48h416c26.51 0 48-21.49 48-48V176c0-26.51-21.49-48-48-48zm0 272H48V112h140.12l54.63 54.63c6 6 14.14 9.37 22.63 9.37H464v224z\"><\/path><\/svg>\t\t\t\t\t\t<\/span>\n\t\t\t\t\t\t\t\t\t\t<span class=\"elementor-icon-list-text\">Agrovoltaicos<\/span>\n\t\t\t\t\t\t\t\t\t<\/li>\n\t\t\t\t\t\t\t\t<li class=\"elementor-icon-list-item\">\n\t\t\t\t\t\t\t\t\t\t\t<span class=\"elementor-icon-list-icon\">\n\t\t\t\t\t\t\t<svg aria-hidden=\"true\" class=\"e-font-icon-svg e-far-folder\" viewbox=\"0 0 512 512\" xmlns=\"http:\/\/www.w3.org\/2000\/svg\"><path d=\"M464 128H272l-54.63-54.63c-6-6-14.14-9.37-22.63-9.37H48C21.49 64 0 85.49 0 112v288c0 26.51 21.49 48 48 48h416c26.51 0 48-21.49 48-48V176c0-26.51-21.49-48-48-48zm0 272H48V112h140.12l54.63 54.63c6 6 14.14 9.37 22.63 9.37H464v224z\"><\/path><\/svg>\t\t\t\t\t\t<\/span>\n\t\t\t\t\t\t\t\t\t\t<span class=\"elementor-icon-list-text\">Estacionamento e markesina<\/span>\n\t\t\t\t\t\t\t\t\t<\/li>\n\t\t\t\t\t\t\t\t<li class=\"elementor-icon-list-item\">\n\t\t\t\t\t\t\t\t\t\t\t<span class=\"elementor-icon-list-icon\">\n\t\t\t\t\t\t\t<svg aria-hidden=\"true\" class=\"e-font-icon-svg e-far-folder\" viewbox=\"0 0 512 512\" xmlns=\"http:\/\/www.w3.org\/2000\/svg\"><path d=\"M464 128H272l-54.63-54.63c-6-6-14.14-9.37-22.63-9.37H48C21.49 64 0 85.49 0 112v288c0 26.51 21.49 48 48 48h416c26.51 0 48-21.49 48-48V176c0-26.51-21.49-48-48-48zm0 272H48V112h140.12l54.63 54.63c6 6 14.14 9.37 22.63 9.37H464v224z\"><\/path><\/svg>\t\t\t\t\t\t<\/span>\n\t\t\t\t\t\t\t\t\t\t<span class=\"elementor-icon-list-text\">Feiras<\/span>\n\t\t\t\t\t\t\t\t\t<\/li>\n\t\t\t\t\t\t<\/ul>\n\t\t\t\t\t\t<\/div>\n\t\t\t\t<\/div>\n\t\t\t\t<\/div>\n\t\t<div class=\"elementor-element elementor-element-13bd5e6 e-con-full e-flex e-con e-child\" data-id=\"13bd5e6\" data-element_type=\"container\" data-e-type=\"container\" data-settings=\"{&quot;background_background&quot;:&quot;classic&quot;}\">\n\t\t\t\t<div class=\"elementor-element elementor-element-ba91bc8 elementor-grid-1 elementor-grid-tablet-2 elementor-grid-mobile-1 elementor-posts--thumbnail-top elementor-widget elementor-widget-posts\" data-id=\"ba91bc8\" data-element_type=\"widget\" data-e-type=\"widget\" data-settings=\"{&quot;classic_columns&quot;:&quot;1&quot;,&quot;classic_columns_tablet&quot;:&quot;2&quot;,&quot;classic_columns_mobile&quot;:&quot;1&quot;,&quot;classic_row_gap&quot;:{&quot;unit&quot;:&quot;px&quot;,&quot;size&quot;:35,&quot;sizes&quot;:[]},&quot;classic_row_gap_tablet&quot;:{&quot;unit&quot;:&quot;px&quot;,&quot;size&quot;:&quot;&quot;,&quot;sizes&quot;:[]},&quot;classic_row_gap_mobile&quot;:{&quot;unit&quot;:&quot;px&quot;,&quot;size&quot;:&quot;&quot;,&quot;sizes&quot;:[]}}\" data-widget_type=\"posts.classic\">\n\t\t\t\t<div class=\"elementor-widget-container\">\n\t\t\t\t\t\t\t<div class=\"elementor-posts-container elementor-posts elementor-posts--skin-classic elementor-grid\" role=\"list\">\n\t\t\t\t<article class=\"elementor-post elementor-grid-item post-9893 post type-post status-publish format-standard has-post-thumbnail hentry category-noticias-del-sector category-uncategorized\" role=\"listitem\">\n\t\t\t\t<a class=\"elementor-post__thumbnail__link\" href=\"https:\/\/www.mfrenovables.com\/pt\/5-novedades-metal-frame\/\" tabindex=\"-1\" >\n\t\t\t<div class=\"elementor-post__thumbnail\"><img loading=\"lazy\" decoding=\"async\" width=\"800\" height=\"450\" src=\"https:\/\/www.mfrenovables.com\/wp-content\/uploads\/2026\/04\/novedades_mfr-1024x576.webp\" class=\"attachment-large size-large wp-image-9895\" alt=\"\" srcset=\"https:\/\/www.mfrenovables.com\/wp-content\/uploads\/2026\/04\/novedades_mfr-1024x576.webp 1024w, https:\/\/www.mfrenovables.com\/wp-content\/uploads\/2026\/04\/novedades_mfr-300x169.webp 300w, https:\/\/www.mfrenovables.com\/wp-content\/uploads\/2026\/04\/novedades_mfr-768x432.webp 768w, https:\/\/www.mfrenovables.com\/wp-content\/uploads\/2026\/04\/novedades_mfr-1536x864.webp 1536w, https:\/\/www.mfrenovables.com\/wp-content\/uploads\/2026\/04\/novedades_mfr-18x10.webp 18w, https:\/\/www.mfrenovables.com\/wp-content\/uploads\/2026\/04\/novedades_mfr.webp 1920w\" sizes=\"(max-width: 800px) 100vw, 800px\" \/><\/div>\n\t\t<\/a>\n\t\t\t\t<div class=\"elementor-post__text\">\n\t\t\t\t<h3 class=\"elementor-post__title\">\n\t\t\t<a href=\"https:\/\/www.mfrenovables.com\/pt\/5-novedades-metal-frame\/\" >\n\t\t\t\t5 novedades de Metal Frame Renovables: MFPARK, Kits Cubierta, MFBLOCK y nuevos lastres\t\t\t<\/a>\n\t\t<\/h3>\n\t\t\t\t<div class=\"elementor-post__meta-data\">\n\t\t\t\t\t<span class=\"elementor-post-date\">\n\t\t\tAbril 21, 2026\t\t<\/span>\n\t\t\t\t<span class=\"elementor-post-avatar\">\n\t\t\tSem coment\u00e1rios\t\t<\/span>\n\t\t\t\t<\/div>\n\t\t\n\t\t<a class=\"elementor-post__read-more\" href=\"https:\/\/www.mfrenovables.com\/pt\/5-novedades-metal-frame\/\" aria-label=\"Read more about 5 novedades de Metal Frame Renovables: MFPARK, Kits Cubierta, MFBLOCK y nuevos lastres\" tabindex=\"-1\" >\n\t\t\tLer mais \u00bb\t\t<\/a>\n\n\t\t\t\t<\/div>\n\t\t\t\t<\/article>\n\t\t\t\t<article class=\"elementor-post elementor-grid-item post-9571 post type-post status-publish format-standard has-post-thumbnail hentry category-noticias-del-sector\" role=\"listitem\">\n\t\t\t\t<a class=\"elementor-post__thumbnail__link\" href=\"https:\/\/www.mfrenovables.com\/pt\/metal-frame-renovables-uno-de-los-patrocinadores-de-la-maraton-zurich-10k-ciudad-de-don-benito-2026\/\" tabindex=\"-1\" >\n\t\t\t<div class=\"elementor-post__thumbnail\"><img loading=\"lazy\" decoding=\"async\" width=\"800\" height=\"720\" src=\"https:\/\/www.mfrenovables.com\/wp-content\/uploads\/2026\/03\/4.webp\" class=\"attachment-large size-large wp-image-9582\" alt=\"\" srcset=\"https:\/\/www.mfrenovables.com\/wp-content\/uploads\/2026\/03\/4.webp 901w, https:\/\/www.mfrenovables.com\/wp-content\/uploads\/2026\/03\/4-300x270.webp 300w, https:\/\/www.mfrenovables.com\/wp-content\/uploads\/2026\/03\/4-768x691.webp 768w, https:\/\/www.mfrenovables.com\/wp-content\/uploads\/2026\/03\/4-13x12.webp 13w\" sizes=\"(max-width: 800px) 100vw, 800px\" \/><\/div>\n\t\t<\/a>\n\t\t\t\t<div class=\"elementor-post__text\">\n\t\t\t\t<h3 class=\"elementor-post__title\">\n\t\t\t<a href=\"https:\/\/www.mfrenovables.com\/pt\/metal-frame-renovables-uno-de-los-patrocinadores-de-la-maraton-zurich-10k-ciudad-de-don-benito-2026\/\" >\n\t\t\t\tMetal Frame Renovables uno de los patrocinadores de la marat\u00f3n Zurich 10K Ciudad de Don Benito 2026\t\t\t<\/a>\n\t\t<\/h3>\n\t\t\t\t<div class=\"elementor-post__meta-data\">\n\t\t\t\t\t<span class=\"elementor-post-date\">\n\t\t\tMar\u00e7o 23, 2026\t\t<\/span>\n\t\t\t\t<span class=\"elementor-post-avatar\">\n\t\t\tSem coment\u00e1rios\t\t<\/span>\n\t\t\t\t<\/div>\n\t\t\n\t\t<a class=\"elementor-post__read-more\" href=\"https:\/\/www.mfrenovables.com\/pt\/metal-frame-renovables-uno-de-los-patrocinadores-de-la-maraton-zurich-10k-ciudad-de-don-benito-2026\/\" aria-label=\"Read more about Metal Frame Renovables uno de los patrocinadores de la marat\u00f3n Zurich 10K Ciudad de Don Benito 2026\" tabindex=\"-1\" >\n\t\t\tLer mais \u00bb\t\t<\/a>\n\n\t\t\t\t<\/div>\n\t\t\t\t<\/article>\n\t\t\t\t<article class=\"elementor-post elementor-grid-item post-9432 post type-post status-publish format-standard has-post-thumbnail hentry category-noticias-del-sector\" role=\"listitem\">\n\t\t\t\t<a class=\"elementor-post__thumbnail__link\" href=\"https:\/\/www.mfrenovables.com\/pt\/mf-renovables-cb-al-qazeres-solidaridad-banco-alimentos-2\/\" tabindex=\"-1\" >\n\t\t\t<div class=\"elementor-post__thumbnail\"><img loading=\"lazy\" decoding=\"async\" width=\"593\" height=\"596\" src=\"https:\/\/www.mfrenovables.com\/wp-content\/uploads\/2026\/03\/1-2-2.webp\" class=\"attachment-large size-large wp-image-9428\" alt=\"\" srcset=\"https:\/\/www.mfrenovables.com\/wp-content\/uploads\/2026\/03\/1-2-2.webp 593w, https:\/\/www.mfrenovables.com\/wp-content\/uploads\/2026\/03\/1-2-2-298x300.webp 298w, https:\/\/www.mfrenovables.com\/wp-content\/uploads\/2026\/03\/1-2-2-150x150.webp 150w, https:\/\/www.mfrenovables.com\/wp-content\/uploads\/2026\/03\/1-2-2-12x12.webp 12w\" sizes=\"(max-width: 593px) 100vw, 593px\" \/><\/div>\n\t\t<\/a>\n\t\t\t\t<div class=\"elementor-post__text\">\n\t\t\t\t<h3 class=\"elementor-post__title\">\n\t\t\t<a href=\"https:\/\/www.mfrenovables.com\/pt\/mf-renovables-cb-al-qazeres-solidaridad-banco-alimentos-2\/\" >\n\t\t\t\tMF Renovables CB Al-Q\u00e1zeres participa en un partido solidario a favor del Banco de Alimentos de C\u00e1ceres\t\t\t<\/a>\n\t\t<\/h3>\n\t\t\t\t<div class=\"elementor-post__meta-data\">\n\t\t\t\t\t<span class=\"elementor-post-date\">\n\t\t\tMar\u00e7o 18, 2026\t\t<\/span>\n\t\t\t\t<span class=\"elementor-post-avatar\">\n\t\t\tSem coment\u00e1rios\t\t<\/span>\n\t\t\t\t<\/div>\n\t\t\n\t\t<a class=\"elementor-post__read-more\" href=\"https:\/\/www.mfrenovables.com\/pt\/mf-renovables-cb-al-qazeres-solidaridad-banco-alimentos-2\/\" aria-label=\"Read more about MF Renovables CB Al-Q\u00e1zeres participa en un partido solidario a favor del Banco de Alimentos de C\u00e1ceres\" tabindex=\"-1\" >\n\t\t\tLer mais \u00bb\t\t<\/a>\n\n\t\t\t\t<\/div>\n\t\t\t\t<\/article>\n\t\t\t\t<article class=\"elementor-post elementor-grid-item post-9280 post type-post status-publish format-standard has-post-thumbnail hentry category-noticias-del-sector\" role=\"listitem\">\n\t\t\t\t<a class=\"elementor-post__thumbnail__link\" href=\"https:\/\/www.mfrenovables.com\/pt\/carrera-solidaria-para-el-parkinson\/\" tabindex=\"-1\" >\n\t\t\t<div class=\"elementor-post__thumbnail\"><img loading=\"lazy\" decoding=\"async\" width=\"800\" height=\"448\" src=\"https:\/\/www.mfrenovables.com\/wp-content\/uploads\/2026\/03\/vii-carrera-solidaria4-1024x574.webp\" class=\"attachment-large size-large wp-image-9283\" alt=\"\" srcset=\"https:\/\/www.mfrenovables.com\/wp-content\/uploads\/2026\/03\/vii-carrera-solidaria4-1024x574.webp 1024w, https:\/\/www.mfrenovables.com\/wp-content\/uploads\/2026\/03\/vii-carrera-solidaria4-300x168.webp 300w, https:\/\/www.mfrenovables.com\/wp-content\/uploads\/2026\/03\/vii-carrera-solidaria4-768x431.webp 768w, https:\/\/www.mfrenovables.com\/wp-content\/uploads\/2026\/03\/vii-carrera-solidaria4-18x10.webp 18w, https:\/\/www.mfrenovables.com\/wp-content\/uploads\/2026\/03\/vii-carrera-solidaria4.webp 1312w\" sizes=\"(max-width: 800px) 100vw, 800px\" \/><\/div>\n\t\t<\/a>\n\t\t\t\t<div class=\"elementor-post__text\">\n\t\t\t\t<h3 class=\"elementor-post__title\">\n\t\t\t<a href=\"https:\/\/www.mfrenovables.com\/pt\/carrera-solidaria-para-el-parkinson\/\" >\n\t\t\t\tCarrera solidaria para el Parkinson | Metal Frame corre por una causa solidaria\t\t\t<\/a>\n\t\t<\/h3>\n\t\t\t\t<div class=\"elementor-post__meta-data\">\n\t\t\t\t\t<span class=\"elementor-post-date\">\n\t\t\tMar\u00e7o 16, 2026\t\t<\/span>\n\t\t\t\t<span class=\"elementor-post-avatar\">\n\t\t\tSem coment\u00e1rios\t\t<\/span>\n\t\t\t\t<\/div>\n\t\t\n\t\t<a class=\"elementor-post__read-more\" href=\"https:\/\/www.mfrenovables.com\/pt\/carrera-solidaria-para-el-parkinson\/\" aria-label=\"Read more about Carrera solidaria para el Parkinson | Metal Frame corre por una causa solidaria\" tabindex=\"-1\" >\n\t\t\tLer mais \u00bb\t\t<\/a>\n\n\t\t\t\t<\/div>\n\t\t\t\t<\/article>\n\t\t\t\t<article class=\"elementor-post elementor-grid-item post-8896 post type-post status-publish format-standard hentry category-uncategorized\" role=\"listitem\">\n\t\t\t\t<div class=\"elementor-post__text\">\n\t\t\t\t<h3 class=\"elementor-post__title\">\n\t\t\t<a href=\"https:\/\/www.mfrenovables.com\/pt\/soluciones-inclinadas-en-cubiertas-lastradas-con-bordillos-mfblock\/\" >\n\t\t\t\tSoluciones Inclinadas en Cubiertas Lastradas con Bordillos MFBLOCK\t\t\t<\/a>\n\t\t<\/h3>\n\t\t\t\t<div class=\"elementor-post__meta-data\">\n\t\t\t\t\t<span class=\"elementor-post-date\">\n\t\t\tFevereiro 24, 2026\t\t<\/span>\n\t\t\t\t<span class=\"elementor-post-avatar\">\n\t\t\tSem coment\u00e1rios\t\t<\/span>\n\t\t\t\t<\/div>\n\t\t\n\t\t<a class=\"elementor-post__read-more\" href=\"https:\/\/www.mfrenovables.com\/pt\/soluciones-inclinadas-en-cubiertas-lastradas-con-bordillos-mfblock\/\" aria-label=\"Read more about Soluciones Inclinadas en Cubiertas Lastradas con Bordillos MFBLOCK\" tabindex=\"-1\" >\n\t\t\tLer mais \u00bb\t\t<\/a>\n\n\t\t\t\t<\/div>\n\t\t\t\t<\/article>\n\t\t\t\t<article class=\"elementor-post elementor-grid-item post-8891 post type-post status-publish format-standard hentry category-uncategorized\" role=\"listitem\">\n\t\t\t\t<div class=\"elementor-post__text\">\n\t\t\t\t<h3 class=\"elementor-post__title\">\n\t\t\t<a href=\"https:\/\/www.mfrenovables.com\/pt\/solucione\/\" >\n\t\t\t\tSolucione\t\t\t<\/a>\n\t\t<\/h3>\n\t\t\t\t<div class=\"elementor-post__meta-data\">\n\t\t\t\t\t<span class=\"elementor-post-date\">\n\t\t\tFevereiro 24, 2026\t\t<\/span>\n\t\t\t\t<span class=\"elementor-post-avatar\">\n\t\t\tSem coment\u00e1rios\t\t<\/span>\n\t\t\t\t<\/div>\n\t\t\n\t\t<a class=\"elementor-post__read-more\" href=\"https:\/\/www.mfrenovables.com\/pt\/solucione\/\" aria-label=\"Read more about Solucione\" tabindex=\"-1\" >\n\t\t\tLer mais \u00bb\t\t<\/a>\n\n\t\t\t\t<\/div>\n\t\t\t\t<\/article>\n\t\t\t\t<\/div>\n\t\t\n\t\t\t\t\t\t<\/div>\n\t\t\t\t<\/div>\n\t\t\t\t<\/div>\n\t\t<div class=\"elementor-element elementor-element-b4288a3 e-con-full elementor-hidden-desktop elementor-hidden-tablet elementor-hidden-mobile e-flex e-con e-child\" data-id=\"b4288a3\" data-element_type=\"container\" data-e-type=\"container\" data-settings=\"{&quot;background_background&quot;:&quot;classic&quot;}\">\n\t\t\t\t<div class=\"elementor-element elementor-element-1111ee3 elementor-widget elementor-widget-heading\" data-id=\"1111ee3\" data-element_type=\"widget\" data-e-type=\"widget\" data-widget_type=\"heading.default\">\n\t\t\t\t<div class=\"elementor-widget-container\">\n\t\t\t\t\t<h2 class=\"elementor-heading-title elementor-size-default\">Partilhar<\/h2>\t\t\t\t<\/div>\n\t\t\t\t<\/div>\n\t\t\t\t<div class=\"elementor-element elementor-element-72098fa elementor-shape-circle e-grid-align-left elementor-grid-0 elementor-widget elementor-widget-social-icons\" data-id=\"72098fa\" data-element_type=\"widget\" data-e-type=\"widget\" data-widget_type=\"social-icons.default\">\n\t\t\t\t<div class=\"elementor-widget-container\">\n\t\t\t\t\t\t\t<div class=\"elementor-social-icons-wrapper elementor-grid\" role=\"list\">\n\t\t\t\t\t\t\t<span class=\"elementor-grid-item\" role=\"listitem\">\n\t\t\t\t\t<a class=\"elementor-icon elementor-social-icon elementor-social-icon-facebook elementor-repeater-item-71e6d24\" target=\"_blank\">\n\t\t\t\t\t\t<span class=\"elementor-screen-only\">Facebook<\/span>\n\t\t\t\t\t\t<svg aria-hidden=\"true\" class=\"e-font-icon-svg e-fab-facebook\" viewbox=\"0 0 512 512\" xmlns=\"http:\/\/www.w3.org\/2000\/svg\"><path d=\"M504 256C504 119 393 8 256 8S8 119 8 256c0 123.78 90.69 226.38 209.25 245V327.69h-63V256h63v-54.64c0-62.15 37-96.48 93.67-96.48 27.14 0 55.52 4.84 55.52 4.84v61h-31.28c-30.8 0-40.41 19.12-40.41 38.73V256h68.78l-11 71.69h-57.78V501C413.31 482.38 504 379.78 504 256z\"><\/path><\/svg>\t\t\t\t\t<\/a>\n\t\t\t\t<\/span>\n\t\t\t\t\t\t\t<span class=\"elementor-grid-item\" role=\"listitem\">\n\t\t\t\t\t<a class=\"elementor-icon elementor-social-icon elementor-social-icon-twitter elementor-repeater-item-12db72f\" target=\"_blank\">\n\t\t\t\t\t\t<span class=\"elementor-screen-only\">Twitter<\/span>\n\t\t\t\t\t\t<svg aria-hidden=\"true\" class=\"e-font-icon-svg e-fab-twitter\" viewbox=\"0 0 512 512\" xmlns=\"http:\/\/www.w3.org\/2000\/svg\"><path d=\"M459.37 151.716c.325 4.548.325 9.097.325 13.645 0 138.72-105.583 298.558-298.558 298.558-59.452 0-114.68-17.219-161.137-47.106 8.447.974 16.568 1.299 25.34 1.299 49.055 0 94.213-16.568 130.274-44.832-46.132-.975-84.792-31.188-98.112-72.772 6.498.974 12.995 1.624 19.818 1.624 9.421 0 18.843-1.3 27.614-3.573-48.081-9.747-84.143-51.98-84.143-102.985v-1.299c13.969 7.797 30.214 12.67 47.431 13.319-28.264-18.843-46.781-51.005-46.781-87.391 0-19.492 5.197-37.36 14.294-52.954 51.655 63.675 129.3 105.258 216.365 109.807-1.624-7.797-2.599-15.918-2.599-24.04 0-57.828 46.782-104.934 104.934-104.934 30.213 0 57.502 12.67 76.67 33.137 23.715-4.548 46.456-13.32 66.599-25.34-7.798 24.366-24.366 44.833-46.132 57.827 21.117-2.273 41.584-8.122 60.426-16.243-14.292 20.791-32.161 39.308-52.628 54.253z\"><\/path><\/svg>\t\t\t\t\t<\/a>\n\t\t\t\t<\/span>\n\t\t\t\t\t\t\t<span class=\"elementor-grid-item\" role=\"listitem\">\n\t\t\t\t\t<a class=\"elementor-icon elementor-social-icon elementor-social-icon-linkedin elementor-repeater-item-2ba4709\" target=\"_blank\">\n\t\t\t\t\t\t<span class=\"elementor-screen-only\">Linkedin<\/span>\n\t\t\t\t\t\t<svg aria-hidden=\"true\" class=\"e-font-icon-svg e-fab-linkedin\" viewbox=\"0 0 448 512\" xmlns=\"http:\/\/www.w3.org\/2000\/svg\"><path d=\"M416 32H31.9C14.3 32 0 46.5 0 64.3v383.4C0 465.5 14.3 480 31.9 480H416c17.6 0 32-14.5 32-32.3V64.3c0-17.8-14.4-32.3-32-32.3zM135.4 416H69V202.2h66.5V416zm-33.2-243c-21.3 0-38.5-17.3-38.5-38.5S80.9 96 102.2 96c21.2 0 38.5 17.3 38.5 38.5 0 21.3-17.2 38.5-38.5 38.5zm282.1 243h-66.4V312c0-24.8-.5-56.7-34.5-56.7-34.6 0-39.9 27-39.9 54.9V416h-66.4V202.2h63.7v29.2h.9c8.9-16.8 30.6-34.5 62.9-34.5 67.2 0 79.7 44.3 79.7 101.9V416z\"><\/path><\/svg>\t\t\t\t\t<\/a>\n\t\t\t\t<\/span>\n\t\t\t\t\t\t\t<span class=\"elementor-grid-item\" role=\"listitem\">\n\t\t\t\t\t<a class=\"elementor-icon elementor-social-icon elementor-social-icon-instagram elementor-repeater-item-de80bf1\" target=\"_blank\">\n\t\t\t\t\t\t<span class=\"elementor-screen-only\">Instagram<\/span>\n\t\t\t\t\t\t<svg aria-hidden=\"true\" class=\"e-font-icon-svg e-fab-instagram\" viewbox=\"0 0 448 512\" xmlns=\"http:\/\/www.w3.org\/2000\/svg\"><path d=\"M224.1 141c-63.6 0-114.9 51.3-114.9 114.9s51.3 114.9 114.9 114.9S339 319.5 339 255.9 287.7 141 224.1 141zm0 189.6c-41.1 0-74.7-33.5-74.7-74.7s33.5-74.7 74.7-74.7 74.7 33.5 74.7 74.7-33.6 74.7-74.7 74.7zm146.4-194.3c0 14.9-12 26.8-26.8 26.8-14.9 0-26.8-12-26.8-26.8s12-26.8 26.8-26.8 26.8 12 26.8 26.8zm76.1 27.2c-1.7-35.9-9.9-67.7-36.2-93.9-26.2-26.2-58-34.4-93.9-36.2-37-2.1-147.9-2.1-184.9 0-35.8 1.7-67.6 9.9-93.9 36.1s-34.4 58-36.2 93.9c-2.1 37-2.1 147.9 0 184.9 1.7 35.9 9.9 67.7 36.2 93.9s58 34.4 93.9 36.2c37 2.1 147.9 2.1 184.9 0 35.9-1.7 67.7-9.9 93.9-36.2 26.2-26.2 34.4-58 36.2-93.9 2.1-37 2.1-147.8 0-184.8zM398.8 388c-7.8 19.6-22.9 34.7-42.6 42.6-29.5 11.7-99.5 9-132.1 9s-102.7 2.6-132.1-9c-19.6-7.8-34.7-22.9-42.6-42.6-11.7-29.5-9-99.5-9-132.1s-2.6-102.7 9-132.1c7.8-19.6 22.9-34.7 42.6-42.6 29.5-11.7 99.5-9 132.1-9s102.7-2.6 132.1 9c19.6 7.8 34.7 22.9 42.6 42.6 11.7 29.5 9 99.5 9 132.1s2.7 102.7-9 132.1z\"><\/path><\/svg>\t\t\t\t\t<\/a>\n\t\t\t\t<\/span>\n\t\t\t\t\t<\/div>\n\t\t\t\t\t\t<\/div>\n\t\t\t\t<\/div>\n\t\t\t\t<\/div>\n\t\t\t\t<\/div>\n\t\t\t\t<\/div>\n\t\t\t\t\t<\/div>\n\t\t\t\t<\/div>\n\t\t\t\t<\/div>","protected":false},"excerpt":{"rendered":"<p>GENERA 2024: \u2018Tudo o que precisa de saber sobre a principal feira de energias renov\u00e1veis\u2019. O que \u00e9 a agrovoltaica? A agrovoltaica \u00e9 a utiliza\u00e7\u00e3o combinada de<\/p>","protected":false},"author":1,"featured_media":905,"comment_status":"closed","ping_status":"open","sticky":false,"template":"elementor_header_footer","format":"standard","meta":{"_jetpack_memberships_contains_paid_content":false,"footnotes":""},"categories":[33],"tags":[],"class_list":["post-904","post","type-post","status-publish","format-standard","has-post-thumbnail","hentry","category-noticias-del-sector"],"jetpack_featured_media_url":"https:\/\/www.mfrenovables.com\/wp-content\/uploads\/2025\/01\/1-2.png","jetpack_sharing_enabled":true,"_links":{"self":[{"href":"https:\/\/www.mfrenovables.com\/pt\/wp-json\/wp\/v2\/posts\/904","targetHints":{"allow":["GET"]}}],"collection":[{"href":"https:\/\/www.mfrenovables.com\/pt\/wp-json\/wp\/v2\/posts"}],"about":[{"href":"https:\/\/www.mfrenovables.com\/pt\/wp-json\/wp\/v2\/types\/post"}],"author":[{"embeddable":true,"href":"https:\/\/www.mfrenovables.com\/pt\/wp-json\/wp\/v2\/users\/1"}],"replies":[{"embeddable":true,"href":"https:\/\/www.mfrenovables.com\/pt\/wp-json\/wp\/v2\/comments?post=904"}],"version-history":[{"count":10,"href":"https:\/\/www.mfrenovables.com\/pt\/wp-json\/wp\/v2\/posts\/904\/revisions"}],"predecessor-version":[{"id":4696,"href":"https:\/\/www.mfrenovables.com\/pt\/wp-json\/wp\/v2\/posts\/904\/revisions\/4696"}],"wp:featuredmedia":[{"embeddable":true,"href":"https:\/\/www.mfrenovables.com\/pt\/wp-json\/wp\/v2\/media\/905"}],"wp:attachment":[{"href":"https:\/\/www.mfrenovables.com\/pt\/wp-json\/wp\/v2\/media?parent=904"}],"wp:term":[{"taxonomy":"category","embeddable":true,"href":"https:\/\/www.mfrenovables.com\/pt\/wp-json\/wp\/v2\/categories?post=904"},{"taxonomy":"post_tag","embeddable":true,"href":"https:\/\/www.mfrenovables.com\/pt\/wp-json\/wp\/v2\/tags?post=904"}],"curies":[{"name":"wp","href":"https:\/\/api.w.org\/{rel}","templated":true}]}}